{"id":9949,"date":"2024-07-04T10:48:36","date_gmt":"2024-07-04T13:48:36","guid":{"rendered":"https:\/\/diabahia.com.br\/?p=9949"},"modified":"2024-07-04T10:48:38","modified_gmt":"2024-07-04T13:48:38","slug":"brasil-volta-a-quadra-contra-camaroes-em-busca-de-vaga-nas-semis","status":"publish","type":"post","link":"https:\/\/diabahia.com.br\/index.php\/2024\/07\/04\/brasil-volta-a-quadra-contra-camaroes-em-busca-de-vaga-nas-semis\/","title":{"rendered":"Brasil volta \u00e0 quadra contra Camar\u00f5es em busca de vaga nas semis"},"content":{"rendered":"\n<p>Ap\u00f3s vencer na primeira rodada, a Sele\u00e7\u00e3o Brasileira de basquete retorna \u00e0 quadra nesta quinta-feira, 4, contra Camar\u00f5es, em busca de garantir uma vaga na segunda fase do Pr\u00e9-Ol\u00edmpico de basquete. O confronto ocorrer\u00e1 em Riga, na Let\u00f4nia, a partir das 13h (hor\u00e1rio de Bras\u00edlia), com transmiss\u00e3o na ESPN e Disney+.<\/p>\n\n\n\n<p>Caso avance, a amarelinha disputa a vaga \u00fanica contra os classificados do Grupo A, que est\u00e1 dividido entre Let\u00f4nia, Filipinas ou Ge\u00f3rgia. Com o primeiro resultado, a Sele\u00e7\u00e3o pode sair derrotada por at\u00e9 seis pontos para avan\u00e7ar na lideran\u00e7a, ou at\u00e9 13 pontos para garantir a vaga na segunda coloca\u00e7\u00e3o.<\/p>\n\n\n\n<p>Sem Raulzinho, que sofreu um estiramento na coxa esquerda e est\u00e1 fora do Pr\u00e9-Ol\u00edmpico de Riga, o treinador Aleksandar Petrovic ficar\u00e1 com apenas 11 jogadores \u00e0 sua disposi\u00e7\u00e3o, cinco que ser\u00e3o usados como titulares e seis suplentes. S\u00e3o eles: Marcelinho Huertas, Yago dos Santos, Georginho, Didi Louzada, Vitor Benite, Leo Meindl, Gui Santos, Lucas Dias, Bruno Caboclo, Jo\u00e3o Marcelo \u201cM\u00e3ozinha\u201d e Cristiano Fel\u00edcio.<\/p>\n\n\n\n<p><strong>Ficha t\u00e9cnica:<\/strong><\/p>\n\n\n\n<p>Data: Quinta-feira, 4 de julho<\/p>\n\n\n\n<p>Hor\u00e1rio: 13h (de Bras\u00edlia)<\/p>\n\n\n\n<p>Local: Riga, Let\u00f4nia<\/p>\n\n\n\n<p>Onde assistir: ESPN<\/p>\n\n\n\n<p>Fonte: A Tarde <\/p>\n","protected":false},"excerpt":{"rendered":"<p>Ap\u00f3s vencer na primeira rodada, a Sele\u00e7\u00e3o Brasileira de basquete retorna \u00e0 quadra nesta quinta-feira, 4, contra Camar\u00f5es, em busca de garantir uma vaga na segunda fase do Pr\u00e9-Ol\u00edmpico de basquete. O confronto ocorrer\u00e1 em Riga, na Let\u00f4nia, a partir das 13h (hor\u00e1rio de Bras\u00edlia), com transmiss\u00e3o na ESPN e Disney+. Caso avance, a amarelinha [&hellip;]<\/p>\n","protected":false},"author":2,"featured_media":9950,"comment_status":"open","ping_status":"open","sticky":false,"template":"","format":"standard","meta":{"footnotes":""},"categories":[89],"tags":[],"class_list":["post-9949","post","type-post","status-publish","format-standard","has-post-thumbnail","hentry","category-esportes"],"_links":{"self":[{"href":"https:\/\/diabahia.com.br\/index.php\/wp-json\/wp\/v2\/posts\/9949","targetHints":{"allow":["GET"]}}],"collection":[{"href":"https:\/\/diabahia.com.br\/index.php\/wp-json\/wp\/v2\/posts"}],"about":[{"href":"https:\/\/diabahia.com.br\/index.php\/wp-json\/wp\/v2\/types\/post"}],"author":[{"embeddable":true,"href":"https:\/\/diabahia.com.br\/index.php\/wp-json\/wp\/v2\/users\/2"}],"replies":[{"embeddable":true,"href":"https:\/\/diabahia.com.br\/index.php\/wp-json\/wp\/v2\/comments?post=9949"}],"version-history":[{"count":0,"href":"https:\/\/diabahia.com.br\/index.php\/wp-json\/wp\/v2\/posts\/9949\/revisions"}],"wp:featuredmedia":[{"embeddable":true,"href":"https:\/\/diabahia.com.br\/index.php\/wp-json\/wp\/v2\/media\/9950"}],"wp:attachment":[{"href":"https:\/\/diabahia.com.br\/index.php\/wp-json\/wp\/v2\/media?parent=9949"}],"wp:term":[{"taxonomy":"category","embeddable":true,"href":"https:\/\/diabahia.com.br\/index.php\/wp-json\/wp\/v2\/categories?post=9949"},{"taxonomy":"post_tag","embeddable":true,"href":"https:\/\/diabahia.com.br\/index.php\/wp-json\/wp\/v2\/tags?post=9949"}],"curies":[{"name":"wp","href":"https:\/\/api.w.org\/{rel}","templated":true}]}}