{"id":9743,"date":"2024-06-19T11:00:21","date_gmt":"2024-06-19T14:00:21","guid":{"rendered":"https:\/\/diabahia.com.br\/?p=9743"},"modified":"2024-06-19T11:00:23","modified_gmt":"2024-06-19T14:00:23","slug":"ferry-boat-anuncia-operacao-especial-para-sao-joao-e-2-de-julho","status":"publish","type":"post","link":"https:\/\/diabahia.com.br\/index.php\/2024\/06\/19\/ferry-boat-anuncia-operacao-especial-para-sao-joao-e-2-de-julho\/","title":{"rendered":"Ferry-boat anuncia opera\u00e7\u00e3o especial para S\u00e3o Jo\u00e3o e 2 de julho"},"content":{"rendered":"\n<p>A ITS (Internacional Travessias Salvador), empresa que administra o Sistema Ferry-Boat, anuncia opera\u00e7\u00e3o especial para os per\u00edodos de festas juninas e Independ\u00eancia da Bahia. At\u00e9 quarta-feira (03\/07), os ferries Ivete Sangalo, Zumbi dos Palmares, Anna Nery, Pinheiro e Maria Beth\u00e2nia estar\u00e3o \u00e0 disposi\u00e7\u00e3o da opera\u00e7\u00e3o, que aguarda um incremento de 5% em rela\u00e7\u00e3o ao fluxo registrado no ano passado. Em 2023, foram transportados na data aproximadamente 234 mil pessoas e 35 mil ve\u00edculos.<\/p>\n\n\n\n<p>Para os per\u00edodos de opera\u00e7\u00e3o, o sistema vai funcionar com sa\u00eddas de hora em hora, das 5h \u00e0s 23h30, de segunda a s\u00e1bado, e das 06h \u00e0s 23h30, domingos e feriados. A ITS ainda prev\u00ea a realiza\u00e7\u00e3o de viagens extras ao longo do dia, nos momentos de maior demanda, respeitando a disponibilidade dos barcos e os per\u00edodos de manuten\u00e7\u00e3o obrigat\u00f3ria, preventiva ou corretiva, que venham a ocorrer. A empresa ainda est\u00e1 refor\u00e7ando todas as equipes de trabalho. Para citar um exemplo, uma equipe de manuten\u00e7\u00e3o noturna estar\u00e1 100% dispon\u00edvel para garantir a efici\u00eancia da frota de embarca\u00e7\u00f5es. Sobre a limpeza dos barcos, equipes estar\u00e3o a bordo, para garantir de maneira efetiva a manuten\u00e7\u00e3o das \u00e1reas comuns e banheiros durante as viagens.<\/p>\n\n\n\n<p><strong>Agendamento e Fil\u00f4metro<\/strong><\/p>\n\n\n\n<p>Os usu\u00e1rios tamb\u00e9m podem utilizar o agendamento para transporte de ve\u00edculos por meio do Hora Marcada e SAC Digital (sacdigital.ba.gov.br). Para verificar os hor\u00e1rios ainda dispon\u00edveis para agendamento, basta acessar as duas plataformas e conferir o hor\u00e1rio de interesse.<\/p>\n\n\n\n<p>A empresa sempre recomenda que as pessoas acessem o site do Fil\u00f4metro, no endere\u00e7o internacionaltravessias.com.br\/filometro, que indica o melhor momento para se dirigir aos terminais, evitando longas esperas nas filas de ve\u00edculos. Para pedestres e usu\u00e1rios em ve\u00edculos, os terminais contam com pain\u00e9is que exibem as informa\u00e7\u00f5es de embarque, incluindo capacidade dos ferries e hor\u00e1rios de sa\u00edda.&nbsp;<\/p>\n\n\n\n<p><strong>Ferrycard<\/strong><\/p>\n\n\n\n<p>A recarga Ferrycard no per\u00edodo ser\u00e1 mantida em guich\u00ea especial, obedecendo \u00e0 fila de entrada do usu\u00e1rio no port\u00e3o de acesso ao servi\u00e7o. O setor de troca\/entrega de cart\u00f5es estar\u00e1 funcionamento de segunda a sexta, das 8h30 \u00e0s 12h, e das 13h30 \u00e0s 17h. N\u00e3o funciona s\u00e1bados, domingos e feriados.<\/p>\n\n\n\n<p>Durante a opera\u00e7\u00e3o especial, motoristas precisam se atentar para os dias de suspens\u00e3o da travessia de caminh\u00f5es e \u00f4nibus. No sentido terminal S\u00e3o Joaquim para Bom Despacho, a suspens\u00e3o permanece v\u00e1lida das 5h de sexta-feira at\u00e9 \u00e0s 15h de s\u00e1bado, como tamb\u00e9m das 5h da v\u00e9spera de feriado at\u00e9 \u00e0s 5h do dia posterior ao seu retorno. Ve\u00edculos pesados transportando alimentos, e tamb\u00e9m pacientes em tratamento m\u00e9dico fora do domic\u00edlio, poder\u00e3o embarcar normalmente no per\u00edodo de restri\u00e7\u00e3o.<\/p>\n\n\n\n<p>Como em outras datas de feriado, o Sistema Ferry-Boat contar\u00e1 durante a opera\u00e7\u00e3o especial de Semana Santa com o apoio dos \u00f3rg\u00e3os p\u00fablicos: Policia Militar, Policia Rodovi\u00e1ria, Transalvador, Secretaria Municipal de Transporte de Itaparica, Corpo de Bombeiros e Juizado de Menor.<\/p>\n\n\n\n<p><strong>SERVI\u00c7O<\/strong><br><strong>O qu\u00ea<\/strong>: opera\u00e7\u00e3o especial do Sistema Ferry-Boat para o per\u00edodo de festas juninas e Independ\u00eancia da Bahia<br><strong>Quando:<\/strong>&nbsp;de 18\/06 (ter\u00e7a) at\u00e9 03\/07 (quarta)<br><strong>Mais informa\u00e7\u00f5es<\/strong>: site oficial&nbsp;<a rel=\"noreferrer noopener\" href=\"https:\/\/www.trbn.com.br\/internacionaltravessias.com.br\" target=\"_blank\">internacionaltravessias.com.br<\/a><\/p>\n\n\n\n<p>Fonte: Tribuna da Bahia <\/p>\n","protected":false},"excerpt":{"rendered":"<p>A ITS (Internacional Travessias Salvador), empresa que administra o Sistema Ferry-Boat, anuncia opera\u00e7\u00e3o especial para os per\u00edodos de festas juninas e Independ\u00eancia da Bahia. At\u00e9 quarta-feira (03\/07), os ferries Ivete Sangalo, Zumbi dos Palmares, Anna Nery, Pinheiro e Maria Beth\u00e2nia estar\u00e3o \u00e0 disposi\u00e7\u00e3o da opera\u00e7\u00e3o, que aguarda um incremento de 5% em rela\u00e7\u00e3o ao fluxo [&hellip;]<\/p>\n","protected":false},"author":2,"featured_media":9744,"comment_status":"open","ping_status":"open","sticky":false,"template":"","format":"standard","meta":{"footnotes":""},"categories":[85],"tags":[],"class_list":["post-9743","post","type-post","status-publish","format-standard","has-post-thumbnail","hentry","category-noticias"],"_links":{"self":[{"href":"https:\/\/diabahia.com.br\/index.php\/wp-json\/wp\/v2\/posts\/9743","targetHints":{"allow":["GET"]}}],"collection":[{"href":"https:\/\/diabahia.com.br\/index.php\/wp-json\/wp\/v2\/posts"}],"about":[{"href":"https:\/\/diabahia.com.br\/index.php\/wp-json\/wp\/v2\/types\/post"}],"author":[{"embeddable":true,"href":"https:\/\/diabahia.com.br\/index.php\/wp-json\/wp\/v2\/users\/2"}],"replies":[{"embeddable":true,"href":"https:\/\/diabahia.com.br\/index.php\/wp-json\/wp\/v2\/comments?post=9743"}],"version-history":[{"count":0,"href":"https:\/\/diabahia.com.br\/index.php\/wp-json\/wp\/v2\/posts\/9743\/revisions"}],"wp:featuredmedia":[{"embeddable":true,"href":"https:\/\/diabahia.com.br\/index.php\/wp-json\/wp\/v2\/media\/9744"}],"wp:attachment":[{"href":"https:\/\/diabahia.com.br\/index.php\/wp-json\/wp\/v2\/media?parent=9743"}],"wp:term":[{"taxonomy":"category","embeddable":true,"href":"https:\/\/diabahia.com.br\/index.php\/wp-json\/wp\/v2\/categories?post=9743"},{"taxonomy":"post_tag","embeddable":true,"href":"https:\/\/diabahia.com.br\/index.php\/wp-json\/wp\/v2\/tags?post=9743"}],"curies":[{"name":"wp","href":"https:\/\/api.w.org\/{rel}","templated":true}]}}