{"id":9537,"date":"2024-06-10T11:06:01","date_gmt":"2024-06-10T14:06:01","guid":{"rendered":"https:\/\/diabahia.com.br\/?p=9537"},"modified":"2024-06-10T11:06:03","modified_gmt":"2024-06-10T14:06:03","slug":"jeronimo-rodrigues-sobre-geraldo-jr-ele-esta-pronto-para-governar-salvador","status":"publish","type":"post","link":"https:\/\/diabahia.com.br\/index.php\/2024\/06\/10\/jeronimo-rodrigues-sobre-geraldo-jr-ele-esta-pronto-para-governar-salvador\/","title":{"rendered":"Jer\u00f4nimo Rodrigues sobre Geraldo Jr: \u201cele esta pronto para governar\u00a0Salvador\u201d"},"content":{"rendered":"\n<p>Em lan\u00e7amento da pr\u00e9-candidatura de Geraldo J\u00fanior (MDB) \u00e1 prefeitura de Salvador, de forma oficial, na noite de quinta-feira (6), na Arena Fonte Nova. O governador&nbsp;Jer\u00f4nimo Rodrigues (PT) falou em entrevista coletiva sobre o qu\u00e3o preparado est\u00e1&nbsp;Geraldo J\u00fanior.<\/p>\n\n\n\n<p><em>\u201cNos sempre disputamos Salvador e entendemos que&nbsp;precisa ser dirigido com o cora\u00e7\u00e3o cuidado de ponta a ponta\u201d,&nbsp;<\/em>afirmou o&nbsp;Governador no in\u00edcio do seu discurso.<\/p>\n\n\n\n<p><em>\u201cEu estou mais que convencido que Geraldo Jr. al\u00e9m de querer governar Salvador, ele est\u00e1 pronto e experimentado muito bem na C\u00e2mara dos vereadores e sabe fazer rela\u00e7\u00e3o com o executivo\u201d<\/em>&nbsp;disparou elogios ao pr\u00e9-candidato em meio do discurso.&nbsp;<\/p>\n\n\n\n<p>Ele finaliza o discurso falando sobre Salvador:<em>&nbsp;\u201cA&nbsp;Fonte Nova est\u00e1 recebendo e mandando recado para cada canto de Salvador. Salvador n\u00f3s te amamos e Salvador pode ser diferente. Boa sorte Geraldo e vamos a vit\u00f3ria.\u201d<\/em>&nbsp;finalizou o Governador.<\/p>\n\n\n\n<p>Fonte: Varela Net <\/p>\n","protected":false},"excerpt":{"rendered":"<p>Em lan\u00e7amento da pr\u00e9-candidatura de Geraldo J\u00fanior (MDB) \u00e1 prefeitura de Salvador, de forma oficial, na noite de quinta-feira (6), na Arena Fonte Nova. O governador&nbsp;Jer\u00f4nimo Rodrigues (PT) falou em entrevista coletiva sobre o qu\u00e3o preparado est\u00e1&nbsp;Geraldo J\u00fanior. \u201cNos sempre disputamos Salvador e entendemos que&nbsp;precisa ser dirigido com o cora\u00e7\u00e3o cuidado de ponta a ponta\u201d,&nbsp;afirmou [&hellip;]<\/p>\n","protected":false},"author":2,"featured_media":9538,"comment_status":"open","ping_status":"open","sticky":false,"template":"","format":"standard","meta":{"footnotes":""},"categories":[91],"tags":[],"class_list":["post-9537","post","type-post","status-publish","format-standard","has-post-thumbnail","hentry","category-politica"],"_links":{"self":[{"href":"https:\/\/diabahia.com.br\/index.php\/wp-json\/wp\/v2\/posts\/9537","targetHints":{"allow":["GET"]}}],"collection":[{"href":"https:\/\/diabahia.com.br\/index.php\/wp-json\/wp\/v2\/posts"}],"about":[{"href":"https:\/\/diabahia.com.br\/index.php\/wp-json\/wp\/v2\/types\/post"}],"author":[{"embeddable":true,"href":"https:\/\/diabahia.com.br\/index.php\/wp-json\/wp\/v2\/users\/2"}],"replies":[{"embeddable":true,"href":"https:\/\/diabahia.com.br\/index.php\/wp-json\/wp\/v2\/comments?post=9537"}],"version-history":[{"count":0,"href":"https:\/\/diabahia.com.br\/index.php\/wp-json\/wp\/v2\/posts\/9537\/revisions"}],"wp:featuredmedia":[{"embeddable":true,"href":"https:\/\/diabahia.com.br\/index.php\/wp-json\/wp\/v2\/media\/9538"}],"wp:attachment":[{"href":"https:\/\/diabahia.com.br\/index.php\/wp-json\/wp\/v2\/media?parent=9537"}],"wp:term":[{"taxonomy":"category","embeddable":true,"href":"https:\/\/diabahia.com.br\/index.php\/wp-json\/wp\/v2\/categories?post=9537"},{"taxonomy":"post_tag","embeddable":true,"href":"https:\/\/diabahia.com.br\/index.php\/wp-json\/wp\/v2\/tags?post=9537"}],"curies":[{"name":"wp","href":"https:\/\/api.w.org\/{rel}","templated":true}]}}