{"id":9534,"date":"2024-06-10T11:04:43","date_gmt":"2024-06-10T14:04:43","guid":{"rendered":"https:\/\/diabahia.com.br\/?p=9534"},"modified":"2024-06-10T11:04:49","modified_gmt":"2024-06-10T14:04:49","slug":"geraldo-junior-fala-sobre-desejo-de-ser-prefeito-de-salvador","status":"publish","type":"post","link":"https:\/\/diabahia.com.br\/index.php\/2024\/06\/10\/geraldo-junior-fala-sobre-desejo-de-ser-prefeito-de-salvador\/","title":{"rendered":"Geraldo Junior fala sobre desejo de ser prefeito de Salvador"},"content":{"rendered":"\n<p>O pr\u00e9-candidato a prefeito de Salvador, Geraldo J\u00fanior (MDB), lan\u00e7ou sua campanha nesta quinta-feira (6), na Arena Fonte Nova. Geraldo reafirmou o desejo de ser prefeito da capital baiana e ressaltou a import\u00e2ncia das alian\u00e7as pol\u00edticas.<\/p>\n\n\n\n<p>Geraldo J\u00fanior listou os motivos para se tornar prefeito.&nbsp;<em>&#8220;Primeiro pela reafirma\u00e7\u00e3o da unidade do nosso grupo pol\u00edtico, segundo pela necessidade que tem salvador, de ter uma salvador melhor, de ser uma salvador melhor, d\u00e1 para ser diferente. Um projeto que \u00e9 liderado pela coaliz\u00e3o de muitos partidos que pensam diferente, que t\u00eam raz\u00f5es diferentes, mas que t\u00eam um \u00fanico objetivo, de cuidar da vida das pessoas.&#8221;<\/em><\/p>\n\n\n\n<p>O pr\u00e9 candidato ressaltou a import\u00e2ncia do apoio do governador Jer\u00f4nimo Rodrigues (PT) na Campanha. &#8220;<em>N\u00f3s temos um l\u00edder pol\u00edtico, a lideran\u00e7a pol\u00edtica que \u00e9 ao meu lado, pelo governador Jer\u00f4nimo Rodrigues, governador que n\u00e3o s\u00f3 transforma a vida das pessoas, cuida da vida das pessoas e onde elas residem.&#8221;<\/em>&nbsp;finalizou.<\/p>\n\n\n\n<p>Fonte: Varela Net <\/p>\n","protected":false},"excerpt":{"rendered":"<p>O pr\u00e9-candidato a prefeito de Salvador, Geraldo J\u00fanior (MDB), lan\u00e7ou sua campanha nesta quinta-feira (6), na Arena Fonte Nova. Geraldo reafirmou o desejo de ser prefeito da capital baiana e ressaltou a import\u00e2ncia das alian\u00e7as pol\u00edticas. Geraldo J\u00fanior listou os motivos para se tornar prefeito.&nbsp;&#8220;Primeiro pela reafirma\u00e7\u00e3o da unidade do nosso grupo pol\u00edtico, segundo pela [&hellip;]<\/p>\n","protected":false},"author":2,"featured_media":9535,"comment_status":"open","ping_status":"open","sticky":false,"template":"","format":"standard","meta":{"footnotes":""},"categories":[91],"tags":[],"class_list":["post-9534","post","type-post","status-publish","format-standard","has-post-thumbnail","hentry","category-politica"],"_links":{"self":[{"href":"https:\/\/diabahia.com.br\/index.php\/wp-json\/wp\/v2\/posts\/9534","targetHints":{"allow":["GET"]}}],"collection":[{"href":"https:\/\/diabahia.com.br\/index.php\/wp-json\/wp\/v2\/posts"}],"about":[{"href":"https:\/\/diabahia.com.br\/index.php\/wp-json\/wp\/v2\/types\/post"}],"author":[{"embeddable":true,"href":"https:\/\/diabahia.com.br\/index.php\/wp-json\/wp\/v2\/users\/2"}],"replies":[{"embeddable":true,"href":"https:\/\/diabahia.com.br\/index.php\/wp-json\/wp\/v2\/comments?post=9534"}],"version-history":[{"count":0,"href":"https:\/\/diabahia.com.br\/index.php\/wp-json\/wp\/v2\/posts\/9534\/revisions"}],"wp:featuredmedia":[{"embeddable":true,"href":"https:\/\/diabahia.com.br\/index.php\/wp-json\/wp\/v2\/media\/9535"}],"wp:attachment":[{"href":"https:\/\/diabahia.com.br\/index.php\/wp-json\/wp\/v2\/media?parent=9534"}],"wp:term":[{"taxonomy":"category","embeddable":true,"href":"https:\/\/diabahia.com.br\/index.php\/wp-json\/wp\/v2\/categories?post=9534"},{"taxonomy":"post_tag","embeddable":true,"href":"https:\/\/diabahia.com.br\/index.php\/wp-json\/wp\/v2\/tags?post=9534"}],"curies":[{"name":"wp","href":"https:\/\/api.w.org\/{rel}","templated":true}]}}