{"id":9431,"date":"2024-06-03T13:00:10","date_gmt":"2024-06-03T16:00:10","guid":{"rendered":"https:\/\/diabahia.com.br\/?p=9431"},"modified":"2024-06-03T13:00:13","modified_gmt":"2024-06-03T16:00:13","slug":"recuperado-lateral-do-bahia-celebra-retorno-aos-treinamentos-o-pior-ja-passou","status":"publish","type":"post","link":"https:\/\/diabahia.com.br\/index.php\/2024\/06\/03\/recuperado-lateral-do-bahia-celebra-retorno-aos-treinamentos-o-pior-ja-passou\/","title":{"rendered":"Recuperado, lateral do Bahia celebra retorno aos treinamentos: &#8220;O pior j\u00e1 passou&#8221;"},"content":{"rendered":"\n<p>O lateral esquerdo Ryan retornou aos treinos no gramado pelo Bahia na \u00faltima semana. Recuperado de cirurgia no tornozelo ap\u00f3s les\u00e3o sofrida no duelo contra o Am\u00e9rica-RN pela Copa do Nordeste, o jogador voltou a realizar trabalhos junto do restante do elenco Tricolor no CT Evaristo de Macedo. O atleta comentou sobre sua recupera\u00e7\u00e3o e celebrou a volta \u00e0s atividades sem limnita\u00e7\u00f5es.<\/p>\n\n\n\n<p>&#8220;Fico feliz de poder voltar aos treinamentos ap\u00f3s esse per\u00edodo de recupera\u00e7\u00e3o. Sem d\u00favida foi um dos momentos mais desafiadores na minha carreira passar por essa cirurgia e por este tempo sem poder atuar. Mas gra\u00e7as a Deus o pior j\u00e1 passou, e s\u00f3 tenho a agradecer ao Bahia por toda a estrutura, aos m\u00e9dicos e fisioterapeutas que me cuidaram e ao elenco e comiss\u00e3o t\u00e9cnica que me deu muita for\u00e7a e apoio durante a recupera\u00e7\u00e3o&#8221;, disse Ryan.<\/p>\n\n\n\n<p>Al\u00e9m disso, Ryan tamb\u00e9m falou que est\u00e1 preparado e evoluindo para ajudar o Bahia na sequ\u00eancia da temporada. O Tricolor \u00e9 o vice-l\u00edder do Brasileir\u00e3o com 14 pontos e est\u00e1 nas oitavas de final da Copa do Brasil.<\/p>\n\n\n\n<p>&#8220;Estou me sentindo muito bem, totalmente recuperado. Agora com o retorno aos treinamentos, vou seguir trabalhando firme e forte para evoluir cada vez mais e ajudar o Bahia na sequ\u00eancia da temporada, em busca dos nossos objetivos no decorrer do ano&#8221; destacou o jogador.<\/p>\n\n\n\n<p>A equipe volta a jogar pelo Brasileir\u00e3o no pr\u00f3ximo dia 13 de junho, contra o Fortaleza, na Casa de Apostas Arena Fonte Nova.<\/p>\n\n\n\n<p>Fonte: Bahia Not\u00edcias <\/p>\n","protected":false},"excerpt":{"rendered":"<p>O lateral esquerdo Ryan retornou aos treinos no gramado pelo Bahia na \u00faltima semana. Recuperado de cirurgia no tornozelo ap\u00f3s les\u00e3o sofrida no duelo contra o Am\u00e9rica-RN pela Copa do Nordeste, o jogador voltou a realizar trabalhos junto do restante do elenco Tricolor no CT Evaristo de Macedo. O atleta comentou sobre sua recupera\u00e7\u00e3o e [&hellip;]<\/p>\n","protected":false},"author":2,"featured_media":9432,"comment_status":"open","ping_status":"open","sticky":false,"template":"","format":"standard","meta":{"footnotes":""},"categories":[89],"tags":[],"class_list":["post-9431","post","type-post","status-publish","format-standard","has-post-thumbnail","hentry","category-esportes"],"_links":{"self":[{"href":"https:\/\/diabahia.com.br\/index.php\/wp-json\/wp\/v2\/posts\/9431","targetHints":{"allow":["GET"]}}],"collection":[{"href":"https:\/\/diabahia.com.br\/index.php\/wp-json\/wp\/v2\/posts"}],"about":[{"href":"https:\/\/diabahia.com.br\/index.php\/wp-json\/wp\/v2\/types\/post"}],"author":[{"embeddable":true,"href":"https:\/\/diabahia.com.br\/index.php\/wp-json\/wp\/v2\/users\/2"}],"replies":[{"embeddable":true,"href":"https:\/\/diabahia.com.br\/index.php\/wp-json\/wp\/v2\/comments?post=9431"}],"version-history":[{"count":0,"href":"https:\/\/diabahia.com.br\/index.php\/wp-json\/wp\/v2\/posts\/9431\/revisions"}],"wp:featuredmedia":[{"embeddable":true,"href":"https:\/\/diabahia.com.br\/index.php\/wp-json\/wp\/v2\/media\/9432"}],"wp:attachment":[{"href":"https:\/\/diabahia.com.br\/index.php\/wp-json\/wp\/v2\/media?parent=9431"}],"wp:term":[{"taxonomy":"category","embeddable":true,"href":"https:\/\/diabahia.com.br\/index.php\/wp-json\/wp\/v2\/categories?post=9431"},{"taxonomy":"post_tag","embeddable":true,"href":"https:\/\/diabahia.com.br\/index.php\/wp-json\/wp\/v2\/tags?post=9431"}],"curies":[{"name":"wp","href":"https:\/\/api.w.org\/{rel}","templated":true}]}}