{"id":9373,"date":"2024-05-27T15:24:12","date_gmt":"2024-05-27T18:24:12","guid":{"rendered":"https:\/\/diabahia.com.br\/?p=9373"},"modified":"2024-05-27T15:24:14","modified_gmt":"2024-05-27T18:24:14","slug":"ex-prefeito-tenta-derrubar-lei-de-muniz-que-proibe-sacolas-plasticas","status":"publish","type":"post","link":"https:\/\/diabahia.com.br\/index.php\/2024\/05\/27\/ex-prefeito-tenta-derrubar-lei-de-muniz-que-proibe-sacolas-plasticas\/","title":{"rendered":"Ex-prefeito tenta derrubar lei de Muniz que pro\u00edbe sacolas pl\u00e1sticas"},"content":{"rendered":"\n<p>Ex-prefeito de Salvador e pr\u00e9-candidato a vereador, Jo\u00e3o Henrique Carneiro (PL) entrou com uma a\u00e7\u00e3o no Minist\u00e9rio P\u00fablico da Bahia (MP-BA) nesta segunda-feira, 27, para derrubar a lei aprovada pela C\u00e2mara Municipal de Salvador (CMS) e sancionada pelo prefeito Bruno Reis que pro\u00edbe o uso de sacolas pl\u00e1sticas em supermercados.<\/p>\n\n\n\n<p>A lei \u00e9 de autoria do presidente da C\u00e2mara, Carlos Muniz (PSDB) e est\u00e1 em vigor desde o \u00faltimo dia 12. Com a proibi\u00e7\u00e3o, os supermercados passaram a cobrar R$ 0,25 por cada sacola pl\u00e1stica sustent\u00e1vel utilizada nos caixas.<\/p>\n\n\n\n<figure class=\"wp-block-image\"><img decoding=\"async\" src=\"https:\/\/cdn.atarde.com.br\/img\/inline\/1270000\/0x0\/Ex-prefeito-tenta-derrubar-lei-de-Muniz-que-proibe0127218700202405271444.webp?fallback=https%3A%2F%2Fcdn.atarde.com.br%2Fimg%2Finline%2F1270000%2FEx-prefeito-tenta-derrubar-lei-de-Muniz-que-proibe0127218700202405271444.jpg%3Fxid%3D6232727&amp;xid=6232727\" alt=\"Documento protocolado no MP pelo ex-prefeito\"\/><\/figure>\n\n\n\n<p>Em v\u00eddeo divulgado pelo pr\u00f3prio Jo\u00e3o Henrique, ele diz que h\u00e1 uma \u201cincoer\u00eancia\u201d na lei, j\u00e1 que as sacolas pl\u00e1sticas usadas para guardar frutas e verduras n\u00e3o est\u00e3o \u201cna mira\u201d da norma.<\/p>\n\n\n\n<p>\u201cEsta lei que foi aprovada pela C\u00e2mara e j\u00e1 est\u00e1 em vigor dizendo que sacolinha final que voc\u00ea pega no final seria ambientalmente correta. Mas e a sacolinha de l\u00e1 de dentro, onde voc\u00ea bota as frutas e as verduras? N\u00e3o s\u00e3o ambientalmente corretas. Ent\u00e3o, olha a incoer\u00eancia. Por isso, vim pedir a derrubada desta lei em benef\u00edcio do consumidor de Salvador\u201d, disse Jo\u00e3o.<br><\/p>\n\n\n\n<p>Vale lembrar que, ap\u00f3s a lei entrar em vigor e os supermercados suspenderem a distribui\u00e7\u00e3o das antigas sacolas pela cobran\u00e7a das sacolas biodegrad\u00e1veis, Carlos Muniz enviou um projeto de atualiza\u00e7\u00e3o exigindo a distribui\u00e7\u00e3o gratuita dessa modalidade tamb\u00e9m.<\/p>\n\n\n\n<p>Fonte: A Tarde <\/p>\n","protected":false},"excerpt":{"rendered":"<p>Ex-prefeito de Salvador e pr\u00e9-candidato a vereador, Jo\u00e3o Henrique Carneiro (PL) entrou com uma a\u00e7\u00e3o no Minist\u00e9rio P\u00fablico da Bahia (MP-BA) nesta segunda-feira, 27, para derrubar a lei aprovada pela C\u00e2mara Municipal de Salvador (CMS) e sancionada pelo prefeito Bruno Reis que pro\u00edbe o uso de sacolas pl\u00e1sticas em supermercados. A lei \u00e9 de autoria [&hellip;]<\/p>\n","protected":false},"author":2,"featured_media":9374,"comment_status":"open","ping_status":"open","sticky":false,"template":"","format":"standard","meta":{"footnotes":""},"categories":[91],"tags":[],"class_list":["post-9373","post","type-post","status-publish","format-standard","has-post-thumbnail","hentry","category-politica"],"_links":{"self":[{"href":"https:\/\/diabahia.com.br\/index.php\/wp-json\/wp\/v2\/posts\/9373","targetHints":{"allow":["GET"]}}],"collection":[{"href":"https:\/\/diabahia.com.br\/index.php\/wp-json\/wp\/v2\/posts"}],"about":[{"href":"https:\/\/diabahia.com.br\/index.php\/wp-json\/wp\/v2\/types\/post"}],"author":[{"embeddable":true,"href":"https:\/\/diabahia.com.br\/index.php\/wp-json\/wp\/v2\/users\/2"}],"replies":[{"embeddable":true,"href":"https:\/\/diabahia.com.br\/index.php\/wp-json\/wp\/v2\/comments?post=9373"}],"version-history":[{"count":0,"href":"https:\/\/diabahia.com.br\/index.php\/wp-json\/wp\/v2\/posts\/9373\/revisions"}],"wp:featuredmedia":[{"embeddable":true,"href":"https:\/\/diabahia.com.br\/index.php\/wp-json\/wp\/v2\/media\/9374"}],"wp:attachment":[{"href":"https:\/\/diabahia.com.br\/index.php\/wp-json\/wp\/v2\/media?parent=9373"}],"wp:term":[{"taxonomy":"category","embeddable":true,"href":"https:\/\/diabahia.com.br\/index.php\/wp-json\/wp\/v2\/categories?post=9373"},{"taxonomy":"post_tag","embeddable":true,"href":"https:\/\/diabahia.com.br\/index.php\/wp-json\/wp\/v2\/tags?post=9373"}],"curies":[{"name":"wp","href":"https:\/\/api.w.org\/{rel}","templated":true}]}}