{"id":9286,"date":"2024-05-22T12:21:35","date_gmt":"2024-05-22T15:21:35","guid":{"rendered":"https:\/\/diabahia.com.br\/?p=9286"},"modified":"2024-05-22T12:21:37","modified_gmt":"2024-05-22T15:21:37","slug":"ex-botafogo-tiano-gomes-assume-gerencia-das-divisoes-de-base-do-vitoria","status":"publish","type":"post","link":"https:\/\/diabahia.com.br\/index.php\/2024\/05\/22\/ex-botafogo-tiano-gomes-assume-gerencia-das-divisoes-de-base-do-vitoria\/","title":{"rendered":"Ex-Botafogo, Tiano Gomes assume ger\u00eancia das divis\u00f5es de base do Vit\u00f3ria"},"content":{"rendered":"\n<p>Ap\u00f3s sete anos trabalhando nas categorias de base do Botafogo, Tiano Gomes assumiu o cargo de novo gerente de futebol da base do Vit\u00f3ria. Na \u00faltima ter\u00e7a-feira (21), Tiano participou do programa Resenha Colossal, da TV oficial do Vit\u00f3ria, no YouTube, e falou sobre a reestrutura\u00e7\u00e3o das categorias de base do Le\u00e3o.<\/p>\n\n\n\n<p>&#8220;\u00c9 uma reformula\u00e7\u00e3o que o objetivo principal \u00e9 voltar a revelar grandes jogadores pro futebol brasileiro. A gente vai focar nesses atletas, no processo de forma\u00e7\u00e3o, para que a gente possa desenvolver e entreg\u00e1-los para o futebol profissional&#8221;, afirmou o gerente das divis\u00f5es de base do Vit\u00f3ria.<\/p>\n\n\n\n<p>Tiano Gomes ir\u00e1 trabalhar ao lado de Ricardo Amadeu, que assume a coordena\u00e7\u00e3o t\u00e9cnica das divis\u00f5es de base ap\u00f3s ser auxiliar t\u00e9cnico do time profissional. J\u00e1 Carlos Anuncia\u00e7\u00e3o ser\u00e1 o gerente de capta\u00e7\u00e3o e Thiago Noronha segue como diretor de base do Le\u00e3o.<\/p>\n\n\n\n<p>&#8220;Estar ao lado de pessoas como o Carl\u00e3o (Carlos Anuncia\u00e7\u00e3o) e o Ricardinho (Ricardo Amadeu) n\u00e3o tem coisa melhor para minha chegada. S\u00e3o pessoas muito experientes, que conhecem muito o clube, e estar trabalhando com eles \u00e9 um orgulho muito grande&#8221;, comentou Tiano Gomes.<\/p>\n\n\n\n<p>No futebol profissional, o Vit\u00f3ria volta a campo nesta quarta-feira (22), \u00e0s 19h, no Barrad\u00e3o, contra o Botafogo, pela partida de ida da 3\u00aa fase da Copa do Brasil. Na ida, o Rubro-Negro foi derrotado por 1 a 0.\u00a0<\/p>\n\n\n\n<p>Fonte: Bahia Not\u00edcias <\/p>\n","protected":false},"excerpt":{"rendered":"<p>Ap\u00f3s sete anos trabalhando nas categorias de base do Botafogo, Tiano Gomes assumiu o cargo de novo gerente de futebol da base do Vit\u00f3ria. Na \u00faltima ter\u00e7a-feira (21), Tiano participou do programa Resenha Colossal, da TV oficial do Vit\u00f3ria, no YouTube, e falou sobre a reestrutura\u00e7\u00e3o das categorias de base do Le\u00e3o. &#8220;\u00c9 uma reformula\u00e7\u00e3o [&hellip;]<\/p>\n","protected":false},"author":2,"featured_media":9287,"comment_status":"open","ping_status":"open","sticky":false,"template":"","format":"standard","meta":{"footnotes":""},"categories":[89],"tags":[],"class_list":["post-9286","post","type-post","status-publish","format-standard","has-post-thumbnail","hentry","category-esportes"],"_links":{"self":[{"href":"https:\/\/diabahia.com.br\/index.php\/wp-json\/wp\/v2\/posts\/9286","targetHints":{"allow":["GET"]}}],"collection":[{"href":"https:\/\/diabahia.com.br\/index.php\/wp-json\/wp\/v2\/posts"}],"about":[{"href":"https:\/\/diabahia.com.br\/index.php\/wp-json\/wp\/v2\/types\/post"}],"author":[{"embeddable":true,"href":"https:\/\/diabahia.com.br\/index.php\/wp-json\/wp\/v2\/users\/2"}],"replies":[{"embeddable":true,"href":"https:\/\/diabahia.com.br\/index.php\/wp-json\/wp\/v2\/comments?post=9286"}],"version-history":[{"count":0,"href":"https:\/\/diabahia.com.br\/index.php\/wp-json\/wp\/v2\/posts\/9286\/revisions"}],"wp:featuredmedia":[{"embeddable":true,"href":"https:\/\/diabahia.com.br\/index.php\/wp-json\/wp\/v2\/media\/9287"}],"wp:attachment":[{"href":"https:\/\/diabahia.com.br\/index.php\/wp-json\/wp\/v2\/media?parent=9286"}],"wp:term":[{"taxonomy":"category","embeddable":true,"href":"https:\/\/diabahia.com.br\/index.php\/wp-json\/wp\/v2\/categories?post=9286"},{"taxonomy":"post_tag","embeddable":true,"href":"https:\/\/diabahia.com.br\/index.php\/wp-json\/wp\/v2\/tags?post=9286"}],"curies":[{"name":"wp","href":"https:\/\/api.w.org\/{rel}","templated":true}]}}