{"id":9236,"date":"2024-05-20T12:47:05","date_gmt":"2024-05-20T15:47:05","guid":{"rendered":"https:\/\/diabahia.com.br\/?p=9236"},"modified":"2024-05-20T12:47:07","modified_gmt":"2024-05-20T15:47:07","slug":"policiais-judiciais-desembarcam-no-rio-grande-do-sul-para-apoiar-seguranca-em-abrigos-e-presidios","status":"publish","type":"post","link":"https:\/\/diabahia.com.br\/index.php\/2024\/05\/20\/policiais-judiciais-desembarcam-no-rio-grande-do-sul-para-apoiar-seguranca-em-abrigos-e-presidios\/","title":{"rendered":"Policiais judiciais desembarcam no Rio Grande do Sul para apoiar seguran\u00e7a em abrigos e pres\u00eddios"},"content":{"rendered":"\n<p>Trinta policiais judiciais do Distrito Federal, de S\u00e3o Paulo e do Rio de Janeiro chegam \u00e0 Porto Alegre, no Rio Grande do Sul, nesta segunda-feira (20) para auxiliar magistrados que est\u00e3o assegurando a prote\u00e7\u00e3o de direitos humanos em visitas ou inspe\u00e7\u00f5es a unidades prisionais, socioeducativas e nos abrigos que recebem v\u00edtimas da trag\u00e9dia clim\u00e1tica, em especial mulheres e crian\u00e7as.&nbsp;<\/p>\n\n\n\n<p>Os policiais tamb\u00e9m apoiar\u00e3o a seguran\u00e7a do abrigo que foi instalado no F\u00f3rum de Porto Alegre e das estruturas patrimoniais de unidades da Justi\u00e7a. A equipe ser\u00e1 apresentada formalmente ao Tribunal de Justi\u00e7a do Rio Grande do Sul (TJ-RS) nesta ter\u00e7a-feira (21).<\/p>\n\n\n\n<p>O aux\u00edlio humanit\u00e1rio ao Poder Judici\u00e1rio do Rio Grande do Sul foi autorizado pelo presidente do Conselho Nacional de Justi\u00e7a (CNJ) e do Supremo Tribunal Federal (STF), ministro Lu\u00eds Roberto Barroso. \u201cA decis\u00e3o foi rapidamente atendida pelos diversos ramos da Justi\u00e7a, que disponibilizaram seus profissionais\u201d, enfatizou o diretor do Departamento de Seguran\u00e7a Institucional do Poder Judici\u00e1rio (DSIPJ) do CNJ, Igor Tobias Mariano. Ele coordena as atividades e segue viagem com o grupo que deve permanecer por 15 dias no Rio Grande do Sul.<\/p>\n\n\n\n<p>de SP e do RJ. \u201cTodos t\u00eam experi\u00eancia e est\u00e3o qualificados para esse tipo de miss\u00e3o\u201d, assegura o coordenador. Apesar disso, na sexta-feira (17), receberam um refor\u00e7o de treinamento sobre situa\u00e7\u00f5es de calamidade p\u00fablica, oferecido pelo Corpo de Bombeiros.<\/p>\n\n\n\n<p>O trabalho dos policiais judiciais ser\u00e1 apoiado por seis viaturas que est\u00e3o saindo de Bras\u00edlia por terra. \u201cVamos para auxiliar nossos colegas que se encontram estafados, assim como toda a popula\u00e7\u00e3o ga\u00facha, precisamos ter nossos pr\u00f3prios meios de transporte e n\u00e3o sobrecarregar os recursos do Judici\u00e1rio ga\u00facho que est\u00e1 saturado\u201d, explicou o coordenador da miss\u00e3o. As despesas de deslocamento, alimenta\u00e7\u00e3o e hospedagem do grupo ser\u00e3o arcadas pelos seus respectivos tribunais.<\/p>\n\n\n\n<p>A atua\u00e7\u00e3o dos policiais ser\u00e1 demandada pelos magistrados ga\u00fachos, de acordo com as necessidades que informarem, refor\u00e7a o diretor. \u201cN\u00f3s s\u00f3 coordenaremos as a\u00e7\u00f5es, salientando que se trata de uma ajuda humanit\u00e1ria, que precisa da conscientiza\u00e7\u00e3o e da empatia dos policiais para a fragilidade do momento\u201d, salientou.<\/p>\n\n\n\n<p>Esse novo apoio ao TJ-RS foi decidido ap\u00f3s pedidos de aux\u00edlio na seguran\u00e7a dos magistrados que visitam abrigos e unidades prisionais. A medida foi constru\u00edda em di\u00e1logo com a corte ga\u00facha e partiu do Departamento de Seguran\u00e7a Institucional do Poder Judici\u00e1rio, respons\u00e1vel por propor pol\u00edticas e regula\u00e7\u00f5es para as atividades de seguran\u00e7a dos tribunais e conselhos da Justi\u00e7a.<\/p>\n\n\n\n<p>Fonte: Bahia Not\u00edcias <\/p>\n","protected":false},"excerpt":{"rendered":"<p>Trinta policiais judiciais do Distrito Federal, de S\u00e3o Paulo e do Rio de Janeiro chegam \u00e0 Porto Alegre, no Rio Grande do Sul, nesta segunda-feira (20) para auxiliar magistrados que est\u00e3o assegurando a prote\u00e7\u00e3o de direitos humanos em visitas ou inspe\u00e7\u00f5es a unidades prisionais, socioeducativas e nos abrigos que recebem v\u00edtimas da trag\u00e9dia clim\u00e1tica, em [&hellip;]<\/p>\n","protected":false},"author":2,"featured_media":9237,"comment_status":"open","ping_status":"open","sticky":false,"template":"","format":"standard","meta":{"footnotes":""},"categories":[85],"tags":[],"class_list":["post-9236","post","type-post","status-publish","format-standard","has-post-thumbnail","hentry","category-noticias"],"_links":{"self":[{"href":"https:\/\/diabahia.com.br\/index.php\/wp-json\/wp\/v2\/posts\/9236","targetHints":{"allow":["GET"]}}],"collection":[{"href":"https:\/\/diabahia.com.br\/index.php\/wp-json\/wp\/v2\/posts"}],"about":[{"href":"https:\/\/diabahia.com.br\/index.php\/wp-json\/wp\/v2\/types\/post"}],"author":[{"embeddable":true,"href":"https:\/\/diabahia.com.br\/index.php\/wp-json\/wp\/v2\/users\/2"}],"replies":[{"embeddable":true,"href":"https:\/\/diabahia.com.br\/index.php\/wp-json\/wp\/v2\/comments?post=9236"}],"version-history":[{"count":0,"href":"https:\/\/diabahia.com.br\/index.php\/wp-json\/wp\/v2\/posts\/9236\/revisions"}],"wp:featuredmedia":[{"embeddable":true,"href":"https:\/\/diabahia.com.br\/index.php\/wp-json\/wp\/v2\/media\/9237"}],"wp:attachment":[{"href":"https:\/\/diabahia.com.br\/index.php\/wp-json\/wp\/v2\/media?parent=9236"}],"wp:term":[{"taxonomy":"category","embeddable":true,"href":"https:\/\/diabahia.com.br\/index.php\/wp-json\/wp\/v2\/categories?post=9236"},{"taxonomy":"post_tag","embeddable":true,"href":"https:\/\/diabahia.com.br\/index.php\/wp-json\/wp\/v2\/tags?post=9236"}],"curies":[{"name":"wp","href":"https:\/\/api.w.org\/{rel}","templated":true}]}}