{"id":9233,"date":"2024-05-20T11:50:47","date_gmt":"2024-05-20T14:50:47","guid":{"rendered":"https:\/\/diabahia.com.br\/?p=9233"},"modified":"2024-05-20T11:50:49","modified_gmt":"2024-05-20T14:50:49","slug":"bruno-reis-detalha-funcao-do-comite-de-afroturismo-de-salvador","status":"publish","type":"post","link":"https:\/\/diabahia.com.br\/index.php\/2024\/05\/20\/bruno-reis-detalha-funcao-do-comite-de-afroturismo-de-salvador\/","title":{"rendered":"Bruno Reis detalha fun\u00e7\u00e3o do Comit\u00ea de Afroturismo de Salvador"},"content":{"rendered":"\n<p>O prefeito\u00a0Bruno Reis (Uni\u00e3o Brasil)\u00a0assinou, nesta segunda-feira, 20, o decreto do Comit\u00ea de Afroturismo de Salvador. A assinatura aconteceu durante o lan\u00e7amento do Rol\u00ea Afro \u2013 Guia de Afroturismo de Salvador, que visa fortalecer a valoriza\u00e7\u00e3o de lugares, manifesta\u00e7\u00f5es art\u00edsticas e culturais fruto da fus\u00e3o de diversos povos africanos que deixaram a marca na cidade. <\/p>\n\n\n\n<p>A a\u00e7\u00e3o re\u00fane 30 pontos de visita\u00e7\u00e3o e 11 roteiros de experi\u00eancia afrocentrados, e faz parte do Plano de Desenvolvimento do Afroturismo, desenvolvido pela Prefeitura atrav\u00e9s das secretarias municipais de Cultura e Turismo (Secult) e da Repara\u00e7\u00e3o (Semur), com apoio do Prodetur Salvador.<\/p>\n\n\n\n<p>Na ocasi\u00e3o, o prefeito detalhou a fun\u00e7\u00e3o do comit\u00ea. Segundo o gestor, a iniciativa tem como objetivo \u201cdiscutir os passos seguintes e toda a estrat\u00e9gia de est\u00edmulo ao Afroturismo e de mais a\u00e7\u00f5es que a gente possa realizar para alcan\u00e7ar os objetivos de toda a estrat\u00e9gia que est\u00e1 em curso at\u00e9 agora, como tamb\u00e9m simular e propor mais iniciativas que possam dar mais crescimento e proje\u00e7\u00e3o aos empreendedores afro\u201d.<\/p>\n\n\n\n<p>\u201cA gente teve a oportunidade tamb\u00e9m de anunciar que esses roteiros ser\u00e3o requalificados, ter\u00e3o sinaliza\u00e7\u00f5es tur\u00edsticas. Teremos um cr\u00e9dito especial para esses afroempreendedores que est\u00e3o relacionados com o turismo na nossa cidade. N\u00f3s sabemos a import\u00e2ncia do turismo para Salvador\u201d, destacou o gestor.<\/p>\n\n\n\n<p>Salvador \u00e9 uma cidade de servi\u00e7os e o turismo \u00e9 o carro chefe. No m\u00eas de fevereiro n\u00f3s geramos 70% dos empregos da Bahia. N\u00f3s ficamos atr\u00e1s apenas de S\u00e3o Paulo e de Curitiba. E em fevereiro recebemos no m\u00eas a maior quantidade de turistas de toda a hist\u00f3ria da nossa cidade: um milh\u00e3o e seiscentos mil turistas.<\/p>\n\n\n\n<p>Bruno Reis aproveitou para enaltecer as atividades realizadas em 2023 com o Novembro Negro. \u201cPraticamente criamos um m\u00eas de alta esta\u00e7\u00e3o. Recebemos diversos visitantes e turistas negros que vieram ter essa imerss\u00e3o, que vieram participar das 23 atividades culturais que n\u00f3s promovemos com empreendedores negros na nossa cidade. Esse \u00e9 um per\u00edodo que veio pra ficar e esse ano vai ser ainda mais fortalecido\u201d, completou.<\/p>\n\n\n\n<p>Fonte: A Tarde <\/p>\n","protected":false},"excerpt":{"rendered":"<p>O prefeito\u00a0Bruno Reis (Uni\u00e3o Brasil)\u00a0assinou, nesta segunda-feira, 20, o decreto do Comit\u00ea de Afroturismo de Salvador. A assinatura aconteceu durante o lan\u00e7amento do Rol\u00ea Afro \u2013 Guia de Afroturismo de Salvador, que visa fortalecer a valoriza\u00e7\u00e3o de lugares, manifesta\u00e7\u00f5es art\u00edsticas e culturais fruto da fus\u00e3o de diversos povos africanos que deixaram a marca na cidade. [&hellip;]<\/p>\n","protected":false},"author":2,"featured_media":9234,"comment_status":"open","ping_status":"open","sticky":false,"template":"","format":"standard","meta":{"footnotes":""},"categories":[96],"tags":[],"class_list":["post-9233","post","type-post","status-publish","format-standard","has-post-thumbnail","hentry","category-cultura"],"_links":{"self":[{"href":"https:\/\/diabahia.com.br\/index.php\/wp-json\/wp\/v2\/posts\/9233","targetHints":{"allow":["GET"]}}],"collection":[{"href":"https:\/\/diabahia.com.br\/index.php\/wp-json\/wp\/v2\/posts"}],"about":[{"href":"https:\/\/diabahia.com.br\/index.php\/wp-json\/wp\/v2\/types\/post"}],"author":[{"embeddable":true,"href":"https:\/\/diabahia.com.br\/index.php\/wp-json\/wp\/v2\/users\/2"}],"replies":[{"embeddable":true,"href":"https:\/\/diabahia.com.br\/index.php\/wp-json\/wp\/v2\/comments?post=9233"}],"version-history":[{"count":0,"href":"https:\/\/diabahia.com.br\/index.php\/wp-json\/wp\/v2\/posts\/9233\/revisions"}],"wp:featuredmedia":[{"embeddable":true,"href":"https:\/\/diabahia.com.br\/index.php\/wp-json\/wp\/v2\/media\/9234"}],"wp:attachment":[{"href":"https:\/\/diabahia.com.br\/index.php\/wp-json\/wp\/v2\/media?parent=9233"}],"wp:term":[{"taxonomy":"category","embeddable":true,"href":"https:\/\/diabahia.com.br\/index.php\/wp-json\/wp\/v2\/categories?post=9233"},{"taxonomy":"post_tag","embeddable":true,"href":"https:\/\/diabahia.com.br\/index.php\/wp-json\/wp\/v2\/tags?post=9233"}],"curies":[{"name":"wp","href":"https:\/\/api.w.org\/{rel}","templated":true}]}}