{"id":9230,"date":"2024-05-20T11:18:31","date_gmt":"2024-05-20T14:18:31","guid":{"rendered":"https:\/\/diabahia.com.br\/?p=9230"},"modified":"2024-05-20T11:18:33","modified_gmt":"2024-05-20T14:18:33","slug":"gabigol-assume-erro-pede-desculpas-e-esclarece-uso-da-camisa-do-corinthians","status":"publish","type":"post","link":"https:\/\/diabahia.com.br\/index.php\/2024\/05\/20\/gabigol-assume-erro-pede-desculpas-e-esclarece-uso-da-camisa-do-corinthians\/","title":{"rendered":"Gabigol assume erro, pede desculpas e esclarece uso da camisa do Corinthians"},"content":{"rendered":"\n<p>O atacante Gabigol, do Flamengo, decidiu abordar publicamente o recente epis\u00f3dio envolvendo o uso da camisa do Corinthians, pedindo desculpas pelo incidente. Em entrevista ao Andr\u00e9 Hernan, do UOL Esporte, ele explica as circunst\u00e2ncias que levaram \u00e0 situa\u00e7\u00e3o, reconhece o erro e expressa seu desejo de continuar no Flamengo, buscando uma nova vers\u00e3o para sua trajet\u00f3ria no clube<\/p>\n\n\n\n<p>&#8220;<em>Primeiro, eu errei. Acho que \u00e9 errar, pedir desculpas, saber que eu errei. Mas nesse momento que a foto saiu, eu fiquei muito perplexo. Fiquei sem entender. Esse per\u00edodo que fiquei sem falar, sem me pronunciar, foi um per\u00edodo que tirei para pensar. \u00c9 claro que na emo\u00e7\u00e3o dos fatos, o meu primeiro pensamento foi negar. Como eu falo com meus amigos, eu coleciono camisas, troco camisas, seja de sele\u00e7\u00e3o, de basquete, e essa camisa eu acabei recebendo e usando<\/em>&#8220;, disse Gabriel.<\/p>\n\n\n\n<p>Al\u00e9m disso, o jogador enfatiza que o incidente n\u00e3o ir\u00e1 influenciar sua decis\u00e3o de renovar com o Flamengo, ressaltando seu amor pelo clube e sua inten\u00e7\u00e3o de permanecer. Ele destaca a import\u00e2ncia de ser verdadeiro e transparente, tanto com a torcida quanto com seus colegas de time, pedindo desculpas e buscando reconstruir sua rela\u00e7\u00e3o com os torcedores flamenguistas.<\/p>\n\n\n\n<p>Gabigol expressa seu desejo de que essa situa\u00e7\u00e3o seja uma oportunidade para uma nova vers\u00e3o de sua jornada no Flamengo, uma vers\u00e3o ainda mais vitoriosa e marcada pela verdade e compromisso com o clube. Ele espera que sua conex\u00e3o com a torcida se mantenha s\u00f3lida, agora com a camisa 99.<\/p>\n\n\n\n<p>Gabi foi punido pela diretoria do clube, multado em 10% do seu sal\u00e1rio e proibido de vestir a camisa 10 do clube. O atleta agora vestir\u00e1 o n\u00famero 99. <\/p>\n\n\n\n<p>Fonte: Varela Net <\/p>\n","protected":false},"excerpt":{"rendered":"<p>O atacante Gabigol, do Flamengo, decidiu abordar publicamente o recente epis\u00f3dio envolvendo o uso da camisa do Corinthians, pedindo desculpas pelo incidente. Em entrevista ao Andr\u00e9 Hernan, do UOL Esporte, ele explica as circunst\u00e2ncias que levaram \u00e0 situa\u00e7\u00e3o, reconhece o erro e expressa seu desejo de continuar no Flamengo, buscando uma nova vers\u00e3o para sua [&hellip;]<\/p>\n","protected":false},"author":2,"featured_media":9231,"comment_status":"open","ping_status":"open","sticky":false,"template":"","format":"standard","meta":{"footnotes":""},"categories":[89],"tags":[],"class_list":["post-9230","post","type-post","status-publish","format-standard","has-post-thumbnail","hentry","category-esportes"],"_links":{"self":[{"href":"https:\/\/diabahia.com.br\/index.php\/wp-json\/wp\/v2\/posts\/9230","targetHints":{"allow":["GET"]}}],"collection":[{"href":"https:\/\/diabahia.com.br\/index.php\/wp-json\/wp\/v2\/posts"}],"about":[{"href":"https:\/\/diabahia.com.br\/index.php\/wp-json\/wp\/v2\/types\/post"}],"author":[{"embeddable":true,"href":"https:\/\/diabahia.com.br\/index.php\/wp-json\/wp\/v2\/users\/2"}],"replies":[{"embeddable":true,"href":"https:\/\/diabahia.com.br\/index.php\/wp-json\/wp\/v2\/comments?post=9230"}],"version-history":[{"count":0,"href":"https:\/\/diabahia.com.br\/index.php\/wp-json\/wp\/v2\/posts\/9230\/revisions"}],"wp:featuredmedia":[{"embeddable":true,"href":"https:\/\/diabahia.com.br\/index.php\/wp-json\/wp\/v2\/media\/9231"}],"wp:attachment":[{"href":"https:\/\/diabahia.com.br\/index.php\/wp-json\/wp\/v2\/media?parent=9230"}],"wp:term":[{"taxonomy":"category","embeddable":true,"href":"https:\/\/diabahia.com.br\/index.php\/wp-json\/wp\/v2\/categories?post=9230"},{"taxonomy":"post_tag","embeddable":true,"href":"https:\/\/diabahia.com.br\/index.php\/wp-json\/wp\/v2\/tags?post=9230"}],"curies":[{"name":"wp","href":"https:\/\/api.w.org\/{rel}","templated":true}]}}