{"id":8790,"date":"2024-04-30T14:33:37","date_gmt":"2024-04-30T17:33:37","guid":{"rendered":"https:\/\/diabahia.com.br\/?p=8790"},"modified":"2024-04-30T14:33:39","modified_gmt":"2024-04-30T17:33:39","slug":"adversario-do-vitoria-na-copa-do-brasil-botafogo-tem-meia-internado","status":"publish","type":"post","link":"https:\/\/diabahia.com.br\/index.php\/2024\/04\/30\/adversario-do-vitoria-na-copa-do-brasil-botafogo-tem-meia-internado\/","title":{"rendered":"Advers\u00e1rio do Vit\u00f3ria na Copa do Brasil, Botafogo tem meia internado"},"content":{"rendered":"\n<p>O volante Tch\u00ea Tch\u00ea, do Botafogo, foi internado com dores abdominais nesta segunda-feira, 29. Ele vai passar por uma bateria de exames para identificar o problema. At\u00e9 o momento, o atleta n\u00e3o tem previs\u00e3o de alta.<\/p>\n\n\n\n<p>Com isso, o meio-campista n\u00e3o deve entrar em campo na partida entre Botafogo e Vit\u00f3ria. O jogo, v\u00e1lido pela terceira fase da Copa do Brasil, ser\u00e1 realizado nesta quinta-feira, 2, \u00e0s 19h, no est\u00e1dio Nilton Santos, no Rio de Janeiro.<\/p>\n\n\n\n<p>Mesmo come\u00e7ando no banco de reservas na maioria dos jogos, Tch\u00ea Tch\u00ea \u00e9 uma das refer\u00eancias do elenco do Botafogo. Desde a chegada do t\u00e9cnico Artur Jorge, ele vem sendo utilizado frequentemente no segundo tempo das partidas.<\/p>\n\n\n\n<p>Com 114 jogos com a camisa do Botafogo, Tch\u00ea Tch\u00ea j\u00e1 acumula hist\u00f3ria no clube. Um dos primeiros refor\u00e7os da era John Textor, ele passou por diversos per\u00edodos na reconstru\u00e7\u00e3o do time, que brigou at\u00e9 as \u00faltimas rodadas pelo t\u00edtulo do Brasileir\u00e3o no ano passado.<\/p>\n\n\n\n<p>&#8220;O atleta Tch\u00ea Tch\u00ea foi internado no dia de ontem para investiga\u00e7\u00e3o de dor abdominal e realiza\u00e7\u00e3o de exames laboratoriais e de imagem. Ainda sem previs\u00e3o de alta&#8221;, publicou o Botafogo.<\/p>\n\n\n\n<p>Fonte: A Tarde<\/p>\n","protected":false},"excerpt":{"rendered":"<p>O volante Tch\u00ea Tch\u00ea, do Botafogo, foi internado com dores abdominais nesta segunda-feira, 29. Ele vai passar por uma bateria de exames para identificar o problema. At\u00e9 o momento, o atleta n\u00e3o tem previs\u00e3o de alta. Com isso, o meio-campista n\u00e3o deve entrar em campo na partida entre Botafogo e Vit\u00f3ria. O jogo, v\u00e1lido pela [&hellip;]<\/p>\n","protected":false},"author":2,"featured_media":8791,"comment_status":"open","ping_status":"open","sticky":false,"template":"","format":"standard","meta":{"footnotes":""},"categories":[89],"tags":[],"class_list":["post-8790","post","type-post","status-publish","format-standard","has-post-thumbnail","hentry","category-esportes"],"_links":{"self":[{"href":"https:\/\/diabahia.com.br\/index.php\/wp-json\/wp\/v2\/posts\/8790","targetHints":{"allow":["GET"]}}],"collection":[{"href":"https:\/\/diabahia.com.br\/index.php\/wp-json\/wp\/v2\/posts"}],"about":[{"href":"https:\/\/diabahia.com.br\/index.php\/wp-json\/wp\/v2\/types\/post"}],"author":[{"embeddable":true,"href":"https:\/\/diabahia.com.br\/index.php\/wp-json\/wp\/v2\/users\/2"}],"replies":[{"embeddable":true,"href":"https:\/\/diabahia.com.br\/index.php\/wp-json\/wp\/v2\/comments?post=8790"}],"version-history":[{"count":0,"href":"https:\/\/diabahia.com.br\/index.php\/wp-json\/wp\/v2\/posts\/8790\/revisions"}],"wp:featuredmedia":[{"embeddable":true,"href":"https:\/\/diabahia.com.br\/index.php\/wp-json\/wp\/v2\/media\/8791"}],"wp:attachment":[{"href":"https:\/\/diabahia.com.br\/index.php\/wp-json\/wp\/v2\/media?parent=8790"}],"wp:term":[{"taxonomy":"category","embeddable":true,"href":"https:\/\/diabahia.com.br\/index.php\/wp-json\/wp\/v2\/categories?post=8790"},{"taxonomy":"post_tag","embeddable":true,"href":"https:\/\/diabahia.com.br\/index.php\/wp-json\/wp\/v2\/tags?post=8790"}],"curies":[{"name":"wp","href":"https:\/\/api.w.org\/{rel}","templated":true}]}}