{"id":8778,"date":"2024-04-30T10:26:13","date_gmt":"2024-04-30T13:26:13","guid":{"rendered":"https:\/\/diabahia.com.br\/?p=8778"},"modified":"2024-04-30T10:26:15","modified_gmt":"2024-04-30T13:26:15","slug":"saude-alerta-para-vigilancia-e-imunizacao-contra-febre-amarela","status":"publish","type":"post","link":"https:\/\/diabahia.com.br\/index.php\/2024\/04\/30\/saude-alerta-para-vigilancia-e-imunizacao-contra-febre-amarela\/","title":{"rendered":"Sa\u00fade alerta para vigil\u00e2ncia e imuniza\u00e7\u00e3o contra febre amarela"},"content":{"rendered":"\n<p>Ap\u00f3s o registro de dois novos casos de febre amarela na regi\u00e3o de divisa entre S\u00e3o Paulo e Minas Gerais, o Minist\u00e9rio da Sa\u00fade emitiu um alerta pedindo que estados e munic\u00edpios comuniquem casos suspeitos da doen\u00e7a com a maior agilidade poss\u00edvel \u2013 sobretudo em \u00e1reas onde h\u00e1 transmiss\u00e3o ativa do v\u00edrus.<\/p>\n\n\n\n<p>Em nota, a pasta destacou que a agilidade \u00e9 importante para que futuros surtos de febre amarela no pa\u00eds sejam evitados e para que a\u00e7\u00f5es de resposta sejam prontamente executadas caso haja necessidade.<\/p>\n\n\n\n<p>O comunicado ressalta que a doen\u00e7a \u00e9 facilmente evit\u00e1vel por meio de vacina, dispon\u00edvel no Sistema \u00danico de Sa\u00fade (SUS) para todas as idades. A cobertura vacinal contra a febre amarela no Brasil, entretanto, est\u00e1 abaixo do recomendado.<\/p>\n\n\n\n<p><strong>Casos<\/strong><\/p>\n\n\n\n<p>Nos \u00faltimos seis meses, quatro casos foram registrados no pa\u00eds \u2013 um em Roraima, um no Amazonas e dois em S\u00e3o Paulo. Desse total, tr\u00eas pacientes morreram.<\/p>\n\n\n\n<p>Os dois casos mais recentes foram identificados em um homem de 50 anos, morador da regi\u00e3o entre \u00c1guas de Lind\u00f3ia e Monte Si\u00e3o, que morreu; e em outro, de 28 anos, no munic\u00edpio de Serra Grande, que j\u00e1 est\u00e1 curado.<\/p>\n\n\n\n<p><strong>\u00c1reas end\u00eamicas<\/strong><\/p>\n\n\n\n<p>De acordo com o minist\u00e9rio, a febre amarela \u00e9 classificada como end\u00eamica apenas na regi\u00e3o amaz\u00f4nica, mas, de tempos em tempos, o v\u00edrus reaparece em outras \u00e1reas. A maior parte dos casos ocorre entre dezembro e maio.<\/p>\n\n\n\n<p><em>\u201cSurtos ocorrem quando o v\u00edrus encontra condi\u00e7\u00f5es favor\u00e1veis para a transmiss\u00e3o, como altas temperaturas, baixas coberturas vacinais e alta densidade de vetores e hospedeiros\u201d<\/em>, destacou a pasta.<\/p>\n\n\n\n<p>A partir de 2014, o v\u00edrus reemergiu na Regi\u00e3o Centro-Oeste e se espalhou, nos anos seguintes, para as demais regi\u00f5es do pa\u00eds. Entre 2014 e 2023, foram registrados 2.304 casos de febre amarela em humanos e 790 mortes pela doen\u00e7a.<\/p>\n\n\n\n<p><strong>Recomenda\u00e7\u00f5es<\/strong><\/p>\n\n\n\n<p>Entre as recomenda\u00e7\u00f5es do minist\u00e9rio est\u00e3o o alerta para que equipes de vigil\u00e2ncia e de imuniza\u00e7\u00e3o intensifiquem as a\u00e7\u00f5es nas \u00e1reas afetadas, com amplia\u00e7\u00e3o para munic\u00edpios vizinhos; a notifica\u00e7\u00e3o do adoecimento ou morte de macacos; e a aten\u00e7\u00e3o a sintomas de febre leve e moderada em pessoas n\u00e3o vacinadas.<\/p>\n\n\n\n<p><strong>Vacina\u00e7\u00e3o<\/strong><\/p>\n\n\n\n<p>A pasta recomenda ainda que seja utilizada a estrat\u00e9gia da busca ativa de pessoas n\u00e3o vacinadas nas regi\u00f5es de ocorr\u00eancia de casos. Na \u00faltima sexta-feira, 150 mil doses extras da vacina contra febre amarela foram disponibilizadas ao estado de S\u00e3o Paulo.<\/p>\n\n\n\n<p><em>\u201cTamb\u00e9m foi feita a recomenda\u00e7\u00e3o para o livre acesso \u00e0 vacina nas unidades de sa\u00fade, sem a necessidade de agendamento pr\u00e9vio\u201d,<\/em>\u00a0informou a nota.\u00a0<em>\u201cEm mensagem enviada aos estados e munic\u00edpios, o Minist\u00e9rio da Sa\u00fade tamb\u00e9m coloca \u00e0 disposi\u00e7\u00e3o equipes de apoio a investiga\u00e7\u00e3o epidemiol\u00f3gica dos casos.\u201d<\/em><\/p>\n\n\n\n<p>Fonte: Varela Net<\/p>\n","protected":false},"excerpt":{"rendered":"<p>Ap\u00f3s o registro de dois novos casos de febre amarela na regi\u00e3o de divisa entre S\u00e3o Paulo e Minas Gerais, o Minist\u00e9rio da Sa\u00fade emitiu um alerta pedindo que estados e munic\u00edpios comuniquem casos suspeitos da doen\u00e7a com a maior agilidade poss\u00edvel \u2013 sobretudo em \u00e1reas onde h\u00e1 transmiss\u00e3o ativa do v\u00edrus. Em nota, a [&hellip;]<\/p>\n","protected":false},"author":2,"featured_media":8779,"comment_status":"open","ping_status":"open","sticky":false,"template":"","format":"standard","meta":{"footnotes":""},"categories":[94],"tags":[],"class_list":["post-8778","post","type-post","status-publish","format-standard","has-post-thumbnail","hentry","category-saude-2"],"_links":{"self":[{"href":"https:\/\/diabahia.com.br\/index.php\/wp-json\/wp\/v2\/posts\/8778","targetHints":{"allow":["GET"]}}],"collection":[{"href":"https:\/\/diabahia.com.br\/index.php\/wp-json\/wp\/v2\/posts"}],"about":[{"href":"https:\/\/diabahia.com.br\/index.php\/wp-json\/wp\/v2\/types\/post"}],"author":[{"embeddable":true,"href":"https:\/\/diabahia.com.br\/index.php\/wp-json\/wp\/v2\/users\/2"}],"replies":[{"embeddable":true,"href":"https:\/\/diabahia.com.br\/index.php\/wp-json\/wp\/v2\/comments?post=8778"}],"version-history":[{"count":0,"href":"https:\/\/diabahia.com.br\/index.php\/wp-json\/wp\/v2\/posts\/8778\/revisions"}],"wp:featuredmedia":[{"embeddable":true,"href":"https:\/\/diabahia.com.br\/index.php\/wp-json\/wp\/v2\/media\/8779"}],"wp:attachment":[{"href":"https:\/\/diabahia.com.br\/index.php\/wp-json\/wp\/v2\/media?parent=8778"}],"wp:term":[{"taxonomy":"category","embeddable":true,"href":"https:\/\/diabahia.com.br\/index.php\/wp-json\/wp\/v2\/categories?post=8778"},{"taxonomy":"post_tag","embeddable":true,"href":"https:\/\/diabahia.com.br\/index.php\/wp-json\/wp\/v2\/tags?post=8778"}],"curies":[{"name":"wp","href":"https:\/\/api.w.org\/{rel}","templated":true}]}}