{"id":8595,"date":"2024-04-18T12:08:55","date_gmt":"2024-04-18T15:08:55","guid":{"rendered":"https:\/\/diabahia.com.br\/?p=8595"},"modified":"2024-04-18T12:08:57","modified_gmt":"2024-04-18T15:08:57","slug":"micareta-de-feira-comeca-nesta-quinta-feira-confira-programacao-completa","status":"publish","type":"post","link":"https:\/\/diabahia.com.br\/index.php\/2024\/04\/18\/micareta-de-feira-comeca-nesta-quinta-feira-confira-programacao-completa\/","title":{"rendered":"Micareta de Feira come\u00e7a nesta quinta-feira, confira programa\u00e7\u00e3o completa"},"content":{"rendered":"\n<p>Come\u00e7a oficialmente a partir desta quinta-feira (18), \u00e1s 15h a Micareta de Feira. A festa que promete agitar os foli\u00f5es no Circuito Maneca Ferreira, na avenida Presidente Dutra, estar\u00e1 recheada de grandes atra\u00e7\u00f5es.<\/p>\n\n\n\n<p>O tradicional evento ser\u00e1 realizado at\u00e9 o pr\u00f3ximo domingo (21) e j\u00e1 conta com alguns nomes esperados como os de olange Almeida, Bell Marques, Xanddy Harmonia, Silvanno Salles e outros.&nbsp;<\/p>\n\n\n\n<p><br><strong>Confira a programa\u00e7\u00e3o completa dos quatro dias de festa:<\/strong><\/p>\n\n\n\n<p><strong>Quinta-feira \u2013 18 de abril a partir das 15h<\/strong><\/p>\n\n\n\n<p>Un\u00e7\u00e3o Prof\u00e9tica<br>Black Style<br>Gabriel Mercury<br>Filhos de Gandhy<br>Solange Almeida<br>Daniela Mercury<br>Gabi Moraes<br>Filhos de Jorge<br>Babado Novo<br>Kateret\u00ea<br>Delirius do Olhar<br>Armandinho, Dod\u00f4 e Osmar<br>Pagode do Segredo<br>Beto Filho<br>Silvanno Salles<br>Lucas Brito<br>Bell Marques<br>Sem Retoque<br>Marcio Leite<br>Guig Guetto<br>Bloco A Loja \u2013 Thiago<br>Aquino<br>Simone Morena<br>Banda TH<br>Conect<\/p>\n\n\n\n<p><strong>Sexta-feira \u2013 19 de abril \u2013 a partir das 14h<\/strong><\/p>\n\n\n\n<p>Saiddy Bamba<br>Bloco Vaqueiros da Princesa<br>Balan\u00e7o Gostoso<br>Mal\u00e9<br>Maryzelia<br>Tuca Fernandes<br>Os Bambas do Nordeste<br>La F\u00faria<br>Nair\u00ea<br>Ax\u00e9 Para Sempre<br>Alinne Rosa<br>Xanddy Harmonia<br>Ara Ketu<br>Outros Baianos<br>Galeguinho SPA<br>Djalma Ferreira<br>Psirico<br>O Kanalha<br>Toque Dez<br>Alan Fernandes<br>Os Clones<br>Luiz Caldas<br>Roberto Kuelho<br>Pipoca do Segredo<br>Pipoca da Quixabeira + Devinho Novaes<br>Bahia Bend<br>Olodum<br>Lincoln Senna<br>Filhos da Bahia<\/p>\n\n\n\n<p><strong>S\u00e1bado \u2013 20 de abril \u2013 a partir das 12h<\/strong><\/p>\n\n\n\n<p>Z\u00e9 das Congas<br>Tonho Mat\u00e9ria<br>Capoeira dos Antonios<br>Luxo Ostenta\u00e7\u00e3o<br>Bonecos Pernambuco<br>Bloco Moviafro \/ Samba<br>Trator<br>The Play<br>Did\u00e1<br>Chiclete com Banana<br>Kart Love<br>Durval Lelys<br>Monte Zion<br>Timbalada<br>Mil Santana<br>Cris Lima<br>4 Bloco L\u00e1 Vem Elas<br>Parangol\u00e9<br>Bloco Segundinha<br>Z\u00e9 Hon\u00f3rio<br>4 Paulo Bind\u00e1<br>Fillipe Aladin<br>Paula Sanffer<br>Companhia do Pagode<br>Lukas Lima<br>Gislan Suzarte<br>Oz Bambaz<br>Let\u00edcia Brasil<br>Kionda<br>Gasparzinho<br>Danniel Vieira<br>Mois\u00e9s Almeida<br>Terra Samba<br>Jean Santana<\/p>\n\n\n\n<p><strong>Domingo \u2013 21 de abril \u2013 a partir das 11h<\/strong><\/p>\n\n\n\n<p>Bloco Bal\u00e3o M\u00e1gico<br>Bloco Os Blogueirinhos<br>Bando das Bara\u00fanas<br>Karaokezeiros<br>Papazoni<br>Tambores Urbanos<br>Lenne Matos<br>Nana Rumbeira<br>Muzenza<br>Bloco Unidos pelo Samba<br>Bloco Tracaj\u00e1 \/ Rix\u00f4 El\u00e9trico<br>M\u00e1rcia Porto<br>Bloco Euterpe Folia \/ Nego<br>Nag\u00f4<br>Libu do Reggae<br>Rafa e Pipo Marques<br>Quixabeira da Matinha<br>Fantasm\u00e3o<br>O Poeta<br>Naldinho e Leo Rios<br>Ninha<br>Chicana<br>\u00c9 o Tchan<br>Samba Prime<br>Cheiro de Amor<br>La F\u00faria<br>Escandurras<br>L\u00e9o Santanna<br>Aldem\u00e1rio Coelho<br>Swing do T10<br>Paulinho Sucesso<br>Ouintal da Tia Carla<br>Italo Fran\u00e7a<br>Kleitinho<br>Igor Rei da Farra<br>Gang do Samba<br>Jaldo Rodrigues<br>Aila Menezes<br>Mazinho Venturiny<\/p>\n\n\n\n<p>Fonte: Varela Net <br>\u00a0<\/p>\n","protected":false},"excerpt":{"rendered":"<p>Come\u00e7a oficialmente a partir desta quinta-feira (18), \u00e1s 15h a Micareta de Feira. A festa que promete agitar os foli\u00f5es no Circuito Maneca Ferreira, na avenida Presidente Dutra, estar\u00e1 recheada de grandes atra\u00e7\u00f5es. O tradicional evento ser\u00e1 realizado at\u00e9 o pr\u00f3ximo domingo (21) e j\u00e1 conta com alguns nomes esperados como os de olange Almeida, [&hellip;]<\/p>\n","protected":false},"author":2,"featured_media":8596,"comment_status":"open","ping_status":"open","sticky":false,"template":"","format":"standard","meta":{"footnotes":""},"categories":[85],"tags":[],"class_list":["post-8595","post","type-post","status-publish","format-standard","has-post-thumbnail","hentry","category-noticias"],"_links":{"self":[{"href":"https:\/\/diabahia.com.br\/index.php\/wp-json\/wp\/v2\/posts\/8595","targetHints":{"allow":["GET"]}}],"collection":[{"href":"https:\/\/diabahia.com.br\/index.php\/wp-json\/wp\/v2\/posts"}],"about":[{"href":"https:\/\/diabahia.com.br\/index.php\/wp-json\/wp\/v2\/types\/post"}],"author":[{"embeddable":true,"href":"https:\/\/diabahia.com.br\/index.php\/wp-json\/wp\/v2\/users\/2"}],"replies":[{"embeddable":true,"href":"https:\/\/diabahia.com.br\/index.php\/wp-json\/wp\/v2\/comments?post=8595"}],"version-history":[{"count":0,"href":"https:\/\/diabahia.com.br\/index.php\/wp-json\/wp\/v2\/posts\/8595\/revisions"}],"wp:featuredmedia":[{"embeddable":true,"href":"https:\/\/diabahia.com.br\/index.php\/wp-json\/wp\/v2\/media\/8596"}],"wp:attachment":[{"href":"https:\/\/diabahia.com.br\/index.php\/wp-json\/wp\/v2\/media?parent=8595"}],"wp:term":[{"taxonomy":"category","embeddable":true,"href":"https:\/\/diabahia.com.br\/index.php\/wp-json\/wp\/v2\/categories?post=8595"},{"taxonomy":"post_tag","embeddable":true,"href":"https:\/\/diabahia.com.br\/index.php\/wp-json\/wp\/v2\/tags?post=8595"}],"curies":[{"name":"wp","href":"https:\/\/api.w.org\/{rel}","templated":true}]}}