{"id":8552,"date":"2024-04-16T13:39:18","date_gmt":"2024-04-16T16:39:18","guid":{"rendered":"https:\/\/diabahia.com.br\/?p=8552"},"modified":"2024-04-16T13:39:21","modified_gmt":"2024-04-16T16:39:21","slug":"auxilio-transporte-de-servidores-de-camacari-tera-reajuste","status":"publish","type":"post","link":"https:\/\/diabahia.com.br\/index.php\/2024\/04\/16\/auxilio-transporte-de-servidores-de-camacari-tera-reajuste\/","title":{"rendered":"Aux\u00edlio-transporte de servidores de Cama\u00e7ari ter\u00e1 reajuste"},"content":{"rendered":"\n<p>O aux\u00edlio-transporte dos servidores de cargo efetivo da Prefeitura de Cama\u00e7ari, que utilizam os \u00f4nibus do sistema metropolitano, ser\u00e1 pago com valor atualizado a partir do m\u00eas de abril, com base no reajuste da tarifa que aconteceu no m\u00eas passado, determinado pela Ag\u00eancia Estadual de Regula\u00e7\u00e3o de Servi\u00e7os P\u00fablicos de Energia, Transportes e Comunica\u00e7\u00f5es da Bahia (Agerba).<\/p>\n\n\n\n<p>Conforme estabelecido, o valor integral do novo aux\u00edlio dos servidores residentes em Salvador, Santo Amaro e Candeias, ser\u00e1 de R$ 14,80; os de Lauro de Freitas R$ 10,40; os de Sim\u00f5es Filho e Mata de S\u00e3o Jo\u00e3o, passam a receber R$ 9,60; os que moram em Dias d\u2019\u00c1vila, o aux\u00edlio ser\u00e1 no valor R$ 9,00; j\u00e1 os servidores que vivem em Madre de Deus e S\u00e3o Francisco do Conde, ir\u00e3o receber R$ 20,80 e 16,20, respectivamente.<\/p>\n\n\n\n<p>De acordo com a Secretaria de Administra\u00e7\u00e3o (Secad), vale destacar que o prefeito Elinaldo Ara\u00fajo autorizou corre\u00e7\u00f5es de valores que apresentavam inconsist\u00eancias, ressaltando a import\u00e2ncia.<\/p>\n\n\n\n<p>Fonte: Tribuna da Bahia<\/p>\n","protected":false},"excerpt":{"rendered":"<p>O aux\u00edlio-transporte dos servidores de cargo efetivo da Prefeitura de Cama\u00e7ari, que utilizam os \u00f4nibus do sistema metropolitano, ser\u00e1 pago com valor atualizado a partir do m\u00eas de abril, com base no reajuste da tarifa que aconteceu no m\u00eas passado, determinado pela Ag\u00eancia Estadual de Regula\u00e7\u00e3o de Servi\u00e7os P\u00fablicos de Energia, Transportes e Comunica\u00e7\u00f5es da [&hellip;]<\/p>\n","protected":false},"author":2,"featured_media":8553,"comment_status":"open","ping_status":"open","sticky":false,"template":"","format":"standard","meta":{"footnotes":""},"categories":[85],"tags":[],"class_list":["post-8552","post","type-post","status-publish","format-standard","has-post-thumbnail","hentry","category-noticias"],"_links":{"self":[{"href":"https:\/\/diabahia.com.br\/index.php\/wp-json\/wp\/v2\/posts\/8552","targetHints":{"allow":["GET"]}}],"collection":[{"href":"https:\/\/diabahia.com.br\/index.php\/wp-json\/wp\/v2\/posts"}],"about":[{"href":"https:\/\/diabahia.com.br\/index.php\/wp-json\/wp\/v2\/types\/post"}],"author":[{"embeddable":true,"href":"https:\/\/diabahia.com.br\/index.php\/wp-json\/wp\/v2\/users\/2"}],"replies":[{"embeddable":true,"href":"https:\/\/diabahia.com.br\/index.php\/wp-json\/wp\/v2\/comments?post=8552"}],"version-history":[{"count":0,"href":"https:\/\/diabahia.com.br\/index.php\/wp-json\/wp\/v2\/posts\/8552\/revisions"}],"wp:featuredmedia":[{"embeddable":true,"href":"https:\/\/diabahia.com.br\/index.php\/wp-json\/wp\/v2\/media\/8553"}],"wp:attachment":[{"href":"https:\/\/diabahia.com.br\/index.php\/wp-json\/wp\/v2\/media?parent=8552"}],"wp:term":[{"taxonomy":"category","embeddable":true,"href":"https:\/\/diabahia.com.br\/index.php\/wp-json\/wp\/v2\/categories?post=8552"},{"taxonomy":"post_tag","embeddable":true,"href":"https:\/\/diabahia.com.br\/index.php\/wp-json\/wp\/v2\/tags?post=8552"}],"curies":[{"name":"wp","href":"https:\/\/api.w.org\/{rel}","templated":true}]}}