{"id":8549,"date":"2024-04-16T13:22:32","date_gmt":"2024-04-16T16:22:32","guid":{"rendered":"https:\/\/diabahia.com.br\/?p=8549"},"modified":"2024-04-16T13:22:35","modified_gmt":"2024-04-16T16:22:35","slug":"fora-do-ba-vi-dudu-desfalca-o-vitoria-de-tres-a-quatro-semanas-apos-lesao-contra-o-palmeiras","status":"publish","type":"post","link":"https:\/\/diabahia.com.br\/index.php\/2024\/04\/16\/fora-do-ba-vi-dudu-desfalca-o-vitoria-de-tres-a-quatro-semanas-apos-lesao-contra-o-palmeiras\/","title":{"rendered":"Fora do Ba-Vi, Dudu desfalca o Vit\u00f3ria de tr\u00eas a quatro semanas ap\u00f3s les\u00e3o contra o Palmeiras"},"content":{"rendered":"\n<p>O volante Dudu desfalcar\u00e1 o Vit\u00f3ria de tr\u00eas a quatro semanas ap\u00f3s sofrer uma les\u00e3o ligamentar no joelho durante a partida contra o Palmeiras, no \u00faltimo domingo (14), informou nesta ter\u00e7a-feira (16) o Departamento M\u00e9dico do Le\u00e3o. O jogador n\u00e3o ter\u00e1 necessidade de realizar cirurgia e j\u00e1 iniciou o tratamento.<\/p>\n\n\n\n<p>Lesionado, Dudu ficar\u00e1 de fora do Ba-Vi do pr\u00f3ximo domingo (21), v\u00e1lido pela 3\u00aa rodada do Campeonato Brasileiro. Al\u00e9m disso, segundo o prazo de recupera\u00e7\u00e3o passado pelo clube, o volante deve voltar entre os dias 7 e 14 de abril. Dessa forma, Dudu ser\u00e1 desfalque contra Cruzeiro, S\u00e3o Paulo e Vasco, todos v\u00e1lidos pela S\u00e9rie A do Brasileir\u00e3o.<\/p>\n\n\n\n<p>No duelo contra o Palmeiras, partida em que o Vit\u00f3ria foi derrotado por 1 a 0, Dudu sentiu o joelho ap\u00f3s uma disputa com Endrick ainda no 1\u00ba tempo. O volante chegou a tentar permanecer na partida, mas n\u00e3o conseguiu e\u00a0foi substitu\u00eddo por Mateus Gon\u00e7alves aos 31 minutos.<\/p>\n\n\n\n<p>Um dos destaques do Vit\u00f3ria no t\u00edtulo da S\u00e9rie B do ano passado e do Campeonato Baiano desta temporada, Dudu chegou ao Vit\u00f3ria em junho de 2023 e soma 37 partidas com a camisa rubro-negra. Para a posi\u00e7\u00e3o, o t\u00e9cnico L\u00e9o Cond\u00e9 conta com nomes como Luan Santos, Caio Vin\u00edcius, L\u00e9o Naldi e Jean Mota.\u00a0<\/p>\n\n\n\n<p>Fonte: Bahia Not\u00edcias <\/p>\n","protected":false},"excerpt":{"rendered":"<p>O volante Dudu desfalcar\u00e1 o Vit\u00f3ria de tr\u00eas a quatro semanas ap\u00f3s sofrer uma les\u00e3o ligamentar no joelho durante a partida contra o Palmeiras, no \u00faltimo domingo (14), informou nesta ter\u00e7a-feira (16) o Departamento M\u00e9dico do Le\u00e3o. O jogador n\u00e3o ter\u00e1 necessidade de realizar cirurgia e j\u00e1 iniciou o tratamento. Lesionado, Dudu ficar\u00e1 de fora [&hellip;]<\/p>\n","protected":false},"author":2,"featured_media":8550,"comment_status":"open","ping_status":"open","sticky":false,"template":"","format":"standard","meta":{"footnotes":""},"categories":[89],"tags":[],"class_list":["post-8549","post","type-post","status-publish","format-standard","has-post-thumbnail","hentry","category-esportes"],"_links":{"self":[{"href":"https:\/\/diabahia.com.br\/index.php\/wp-json\/wp\/v2\/posts\/8549","targetHints":{"allow":["GET"]}}],"collection":[{"href":"https:\/\/diabahia.com.br\/index.php\/wp-json\/wp\/v2\/posts"}],"about":[{"href":"https:\/\/diabahia.com.br\/index.php\/wp-json\/wp\/v2\/types\/post"}],"author":[{"embeddable":true,"href":"https:\/\/diabahia.com.br\/index.php\/wp-json\/wp\/v2\/users\/2"}],"replies":[{"embeddable":true,"href":"https:\/\/diabahia.com.br\/index.php\/wp-json\/wp\/v2\/comments?post=8549"}],"version-history":[{"count":0,"href":"https:\/\/diabahia.com.br\/index.php\/wp-json\/wp\/v2\/posts\/8549\/revisions"}],"wp:featuredmedia":[{"embeddable":true,"href":"https:\/\/diabahia.com.br\/index.php\/wp-json\/wp\/v2\/media\/8550"}],"wp:attachment":[{"href":"https:\/\/diabahia.com.br\/index.php\/wp-json\/wp\/v2\/media?parent=8549"}],"wp:term":[{"taxonomy":"category","embeddable":true,"href":"https:\/\/diabahia.com.br\/index.php\/wp-json\/wp\/v2\/categories?post=8549"},{"taxonomy":"post_tag","embeddable":true,"href":"https:\/\/diabahia.com.br\/index.php\/wp-json\/wp\/v2\/tags?post=8549"}],"curies":[{"name":"wp","href":"https:\/\/api.w.org\/{rel}","templated":true}]}}