{"id":7428,"date":"2024-02-01T11:55:02","date_gmt":"2024-02-01T14:55:02","guid":{"rendered":"https:\/\/diabahia.com.br\/?p=7428"},"modified":"2024-02-01T11:55:04","modified_gmt":"2024-02-01T14:55:04","slug":"moretti-diz-que-todo-o-material-sobre-o-software-espiao-foi-compartilhado-com-pf","status":"publish","type":"post","link":"https:\/\/diabahia.com.br\/index.php\/2024\/02\/01\/moretti-diz-que-todo-o-material-sobre-o-software-espiao-foi-compartilhado-com-pf\/","title":{"rendered":"Moretti diz que todo o material sobre o software espi\u00e3o foi compartilhado com PF\u00a0"},"content":{"rendered":"\n<p>Exonerado da\u202fAg\u00eancia Brasileira de Intelig\u00eancia (Abin)\u202fnesta ter\u00e7a-feira, 30, Alessandro Moretti disse que compartilhou todas as provas coletadas e produzidas pela ag\u00eancia sobre o\u202fsoftware\u202fespi\u00e3o\u202fFirstMile\u202fcom a\u202fPol\u00edcia Federal (PF).&nbsp;<\/p>\n\n\n\n<p>Segundo o ex-diretor adjunto da Abin, foi ele quem determinou que as investiga\u00e7\u00f5es sobre a poss\u00edvel espionagem na ag\u00eancia fossem iniciadas, por meio de uma sindic\u00e2ncia instaurada pela Corregedoria-Geral. Na \u00e9poca da determina\u00e7\u00e3o, Moretti era o diretor-geral em exerc\u00edcio.&nbsp;<\/p>\n\n\n\n<p>\u201cTodo o material probat\u00f3rio coletado e produzido pela Abin foi compartilhado com a Pol\u00edcia Federal, que tamb\u00e9m teve atendidas todas suas solicita\u00e7\u00f5es \u00e0 ag\u00eancia. Por esta raz\u00e3o, grande parte do material que instrui o inqu\u00e9rito da PF \u00e9 fruto da apura\u00e7\u00e3o conduzida com total independ\u00eancia na Abin\u201d, disse, por nota, ontem.&nbsp;<\/p>\n\n\n\n<p>Tamb\u00e9m delegado da PF, Moretti defendeu a continuidade da Abin e afirmou que o conhecimento estrat\u00e9gico difundido pela ag\u00eancia \u00e9 \u201cindispens\u00e1vel para o Pa\u00eds\u201d e \u201cessencial para a prote\u00e7\u00e3o de nossa sociedade\u201d, qualificando os colegas que os produzem como \u201cprofissionais altamente capacitados e compromissados\u201d.&nbsp;<\/p>\n\n\n\n<p>No relat\u00f3rio enviado ao\u202fSupremo Tribunal Federal (STF)\u202fque serviu de base para a investiga\u00e7\u00e3o, a PF diz que Moretti se reuniu com servidores, em mar\u00e7o do ano passado, e afirmou que a investiga\u00e7\u00e3o sobre a\u202f\u201cAbin paralela\u201d\u202ftinha \u201cfundo pol\u00edtico\u201d e iria \u201cpassar\u201d.&nbsp;<\/p>\n\n\n\n<p>Fonte: Ag\u00eancia Estado<\/p>\n","protected":false},"excerpt":{"rendered":"<p>Exonerado da\u202fAg\u00eancia Brasileira de Intelig\u00eancia (Abin)\u202fnesta ter\u00e7a-feira, 30, Alessandro Moretti disse que compartilhou todas as provas coletadas e produzidas pela ag\u00eancia sobre o\u202fsoftware\u202fespi\u00e3o\u202fFirstMile\u202fcom a\u202fPol\u00edcia Federal (PF).&nbsp; Segundo o ex-diretor adjunto da Abin, foi ele quem determinou que as investiga\u00e7\u00f5es sobre a poss\u00edvel espionagem na ag\u00eancia fossem iniciadas, por meio de uma sindic\u00e2ncia instaurada pela Corregedoria-Geral. [&hellip;]<\/p>\n","protected":false},"author":2,"featured_media":7429,"comment_status":"open","ping_status":"open","sticky":false,"template":"","format":"standard","meta":{"footnotes":""},"categories":[91],"tags":[],"class_list":["post-7428","post","type-post","status-publish","format-standard","has-post-thumbnail","hentry","category-politica"],"_links":{"self":[{"href":"https:\/\/diabahia.com.br\/index.php\/wp-json\/wp\/v2\/posts\/7428","targetHints":{"allow":["GET"]}}],"collection":[{"href":"https:\/\/diabahia.com.br\/index.php\/wp-json\/wp\/v2\/posts"}],"about":[{"href":"https:\/\/diabahia.com.br\/index.php\/wp-json\/wp\/v2\/types\/post"}],"author":[{"embeddable":true,"href":"https:\/\/diabahia.com.br\/index.php\/wp-json\/wp\/v2\/users\/2"}],"replies":[{"embeddable":true,"href":"https:\/\/diabahia.com.br\/index.php\/wp-json\/wp\/v2\/comments?post=7428"}],"version-history":[{"count":0,"href":"https:\/\/diabahia.com.br\/index.php\/wp-json\/wp\/v2\/posts\/7428\/revisions"}],"wp:featuredmedia":[{"embeddable":true,"href":"https:\/\/diabahia.com.br\/index.php\/wp-json\/wp\/v2\/media\/7429"}],"wp:attachment":[{"href":"https:\/\/diabahia.com.br\/index.php\/wp-json\/wp\/v2\/media?parent=7428"}],"wp:term":[{"taxonomy":"category","embeddable":true,"href":"https:\/\/diabahia.com.br\/index.php\/wp-json\/wp\/v2\/categories?post=7428"},{"taxonomy":"post_tag","embeddable":true,"href":"https:\/\/diabahia.com.br\/index.php\/wp-json\/wp\/v2\/tags?post=7428"}],"curies":[{"name":"wp","href":"https:\/\/api.w.org\/{rel}","templated":true}]}}