{"id":7340,"date":"2024-01-29T14:16:43","date_gmt":"2024-01-29T17:16:43","guid":{"rendered":"https:\/\/diabahia.com.br\/?p=7340"},"modified":"2024-01-29T14:16:45","modified_gmt":"2024-01-29T17:16:45","slug":"prefeitura-amplia-educacao-integral-com-3-946-novas-vagas-para-2024-2","status":"publish","type":"post","link":"https:\/\/diabahia.com.br\/index.php\/2024\/01\/29\/prefeitura-amplia-educacao-integral-com-3-946-novas-vagas-para-2024-2\/","title":{"rendered":"Prefeitura amplia educa\u00e7\u00e3o integral com 3.946 novas vagas para 2024"},"content":{"rendered":"\n<p><span style=\"color: rgba(0, 0, 0, 0.87); font-family: Roboto, sans-serif; white-space-collapse: collapse;\">A Prefeitura de Salvador, por meio da Secretaria Municipal da Educa\u00e7\u00e3o (Smed), vai ofertar este ano o ensino integral para 13.865 crian\u00e7as e adolescentes em 103 escolas da rede, com a cria\u00e7\u00e3o de 3.946 novas vagas ap\u00f3s pacto com o Minist\u00e9rio da Educa\u00e7\u00e3o (MEC).<\/span><p style=\"box-sizing: border-box; margin-right: 0px; margin-bottom: 20px; margin-left: 0px; line-height: inherit; padding: 0px; border: 0px; font-variant-numeric: inherit; font-variant-east-asian: inherit; font-variant-alternates: inherit; font-stretch: inherit; font-family: Roboto, sans-serif; font-optical-sizing: inherit; font-kerning: inherit; font-feature-settings: inherit; font-variation-settings: inherit; font-size: 16px; vertical-align: baseline; color: rgba(0, 0, 0, 0.87); white-space-collapse: collapse;\">A capital baiana tem 80 Centros Municipais de Educa\u00e7\u00e3o Infantil (CMEIs) com ensino integral, numa fase em que as crian\u00e7as contam com atividades pedag\u00f3gicas, psicol\u00f3gicas, culturais e l\u00fadicas, al\u00e9m de cinco refei\u00e7\u00f5es e cuidados com a higiene pessoal. J\u00e1 para o Ensino Fundamental \u2013 anos iniciais (1\u00ba ao 5\u00ba ano) e anos finais (6\u00ba ao 9\u00ba ano) \u2013 o regime \u00e9 ofertado em 21 escolas e duas Escolas Laborat\u00f3rios (Escolabs).<\/p><p style=\"box-sizing: border-box; margin-right: 0px; margin-bottom: 20px; margin-left: 0px; line-height: inherit; padding: 0px; border: 0px; font-variant-numeric: inherit; font-variant-east-asian: inherit; font-variant-alternates: inherit; font-stretch: inherit; font-family: Roboto, sans-serif; font-optical-sizing: inherit; font-kerning: inherit; font-feature-settings: inherit; font-variation-settings: inherit; font-size: 16px; vertical-align: baseline; color: rgba(0, 0, 0, 0.87); white-space-collapse: collapse;\">Nas institui\u00e7\u00f5es do Ensino Fundamental, os estudantes t\u00eam o per\u00edodo escolar estendido para pelo menos sete horas di\u00e1rias com oficinas de refor\u00e7o escolar, artes, esportes, cultura, meio ambiente e tecnologia, conforme escolha da unidade escolar e alinhamento com seu projeto pol\u00edtico pedag\u00f3gico.<\/p><p style=\"box-sizing: border-box; margin-right: 0px; margin-bottom: 20px; margin-left: 0px; line-height: inherit; padding: 0px; border: 0px; font-variant-numeric: inherit; font-variant-east-asian: inherit; font-variant-alternates: inherit; font-stretch: inherit; font-family: Roboto, sans-serif; font-optical-sizing: inherit; font-kerning: inherit; font-feature-settings: inherit; font-variation-settings: inherit; font-size: 16px; vertical-align: baseline; color: rgba(0, 0, 0, 0.87); white-space-collapse: collapse;\">Existe ainda servi\u00e7o de transporte para alunos do Ensino Fundamental, das suas escolas de origem para as Escolabs em Coutos e Sub\u00farbio 360, onde a jornada pedag\u00f3gica \u00e9 complementada. \u200e<\/p><p style=\"box-sizing: border-box; margin-right: 0px; margin-bottom: 20px; margin-left: 0px; line-height: inherit; padding: 0px; border: 0px; font-variant-numeric: inherit; font-variant-east-asian: inherit; font-variant-alternates: inherit; font-stretch: inherit; font-family: Roboto, sans-serif; font-optical-sizing: inherit; font-kerning: inherit; font-feature-settings: inherit; font-variation-settings: inherit; font-size: 16px; vertical-align: baseline; color: rgba(0, 0, 0, 0.87); white-space-collapse: collapse;\">Os quatro filhos do comerciante Marcos de Oliveira, 45 anos, estudam na rede municipal de ensino. O ca\u00e7ula, de 4 anos, \u00e9 aluno da Creche e Pr\u00e9-Escola Primeiro Passo Canabrava h\u00e1 dois anos e permanece na institui\u00e7\u00e3o nos dois turnos. O pai, cujos filhos j\u00e1 estudaram em escolas particulares, elogia a qualidade do ensino p\u00fablico. \u201cMeu pequeno faz seis refei\u00e7\u00f5es, toma banho na escola, al\u00e9m de ter atividades educativas e l\u00fadicas ao longo de todo o dia. A equipe \u00e9 maravilhosa, profissionais atenciosos e cuidam muito bem do nosso menino\u201d, destaca.<\/p><p style=\"box-sizing: border-box; margin-right: 0px; margin-bottom: 20px; margin-left: 0px; line-height: inherit; padding: 0px; border: 0px; font-variant-numeric: inherit; font-variant-east-asian: inherit; font-variant-alternates: inherit; font-stretch: inherit; font-family: Roboto, sans-serif; font-optical-sizing: inherit; font-kerning: inherit; font-feature-settings: inherit; font-variation-settings: inherit; font-size: 16px; vertical-align: baseline; color: rgba(0, 0, 0, 0.87); white-space-collapse: collapse;\">Segundo o comerciante, al\u00e9m do projeto pedag\u00f3gico e infraestrutura de excel\u00eancia, a equipe de profissionais \u00e9 muito competente e dedicada. \u201cAcompanhamos de perto a rotina escolar, \u00e9 tudo muito organizado. Sem falar que, quando vamos deix\u00e1-lo na escola, somos sempre muito bem acolhidos. N\u00e3o teria como pagar uma escola integral particular e, gra\u00e7as \u00e0 escola do munic\u00edpio, ele est\u00e1 sendo bem educado, enquanto eu e minha esposa estamos no trabalho\u201d, diz.<\/p><p style=\"box-sizing: border-box; margin-right: 0px; margin-bottom: 20px; margin-left: 0px; line-height: inherit; padding: 0px; border: 0px; font-variant-numeric: inherit; font-variant-east-asian: inherit; font-variant-alternates: inherit; font-stretch: inherit; font-family: Roboto, sans-serif; font-optical-sizing: inherit; font-kerning: inherit; font-feature-settings: inherit; font-variation-settings: inherit; font-size: 16px; vertical-align: baseline; color: rgba(0, 0, 0, 0.87); white-space-collapse: collapse;\">A coordenadora da educa\u00e7\u00e3o integral da Smed, Consuelo Almeida, explica que a efici\u00eancia do modelo consiste em aumentar o tempo do aluno na escola com um planejamento pedag\u00f3gico transversal. \u201cNossas escolas em tempo integral visam motivar a expans\u00e3o de espa\u00e7os e oportunidades educacionais, por interm\u00e9dio da realiza\u00e7\u00e3o de projetos e atividades que favore\u00e7am a aprendizagem\u201d, afirma.<\/p><p style=\"box-sizing: border-box; margin-right: 0px; margin-bottom: 20px; margin-left: 0px; line-height: inherit; padding: 0px; border: 0px; font-variant-numeric: inherit; font-variant-east-asian: inherit; font-variant-alternates: inherit; font-stretch: inherit; font-family: Roboto, sans-serif; font-optical-sizing: inherit; font-kerning: inherit; font-feature-settings: inherit; font-variation-settings: inherit; font-size: 16px; vertical-align: baseline; color: rgba(0, 0, 0, 0.87); white-space-collapse: collapse;\">Al\u00e9m disso, a educa\u00e7\u00e3o em tempo integral proporciona alimenta\u00e7\u00e3o balanceada e nutritiva nos dois turnos de perman\u00eancia na escola, lazer, cultura, acesso \u00e0 tecnologia, atividades de l\u00edngua estrangeira, artes e esporte. O ensino integral contempla ainda aulas de estudo dirigido e oficinas de L\u00edngua Portuguesa e Matem\u00e1tica no hor\u00e1rio complementar.<\/p><p style=\"box-sizing: border-box; margin-right: 0px; margin-bottom: 20px; margin-left: 0px; line-height: inherit; padding: 0px; border: 0px; font-variant-numeric: inherit; font-variant-east-asian: inherit; font-variant-alternates: inherit; font-stretch: inherit; font-family: Roboto, sans-serif; font-optical-sizing: inherit; font-kerning: inherit; font-feature-settings: inherit; font-variation-settings: inherit; font-size: 16px; vertical-align: baseline; color: rgba(0, 0, 0, 0.87); white-space-collapse: collapse;\">\u201cOs resultados s\u00e3o significativos na melhoria do rendimento do aluno, al\u00e9m de suprir as necessidades de praticar esportes, como futebol, atletismo, jud\u00f4 e basquete. E o mais importante: tranquiliza os pais e afasta o risco social do aluno, que fica protegido dentro do espa\u00e7o da escola\u201d, finaliza a coordenadora.<\/p><p style=\"box-sizing: border-box; margin-right: 0px; margin-bottom: 20px; margin-left: 0px; line-height: inherit; padding: 0px; border: 0px; font-variant-numeric: inherit; font-variant-east-asian: inherit; font-variant-alternates: inherit; font-stretch: inherit; font-family: Roboto, sans-serif; font-optical-sizing: inherit; font-kerning: inherit; font-feature-settings: inherit; font-variation-settings: inherit; font-size: 16px; vertical-align: baseline; color: rgba(0, 0, 0, 0.87); white-space-collapse: collapse;\"><span style=\"box-sizing: border-box; font-weight: 700; margin: 0px; padding: 0px; border: 0px; font-style: inherit; font-variant: inherit; font-stretch: inherit; line-height: inherit; font-family: inherit; font-optical-sizing: inherit; font-kerning: inherit; font-feature-settings: inherit; font-variation-settings: inherit; vertical-align: baseline;\">Escolas de Tempo Integral 2024<\/span><\/p><p style=\"box-sizing: border-box; margin-right: 0px; margin-bottom: 20px; margin-left: 0px; line-height: inherit; padding: 0px; border: 0px; font-variant-numeric: inherit; font-variant-east-asian: inherit; font-variant-alternates: inherit; font-stretch: inherit; font-family: Roboto, sans-serif; font-optical-sizing: inherit; font-kerning: inherit; font-feature-settings: inherit; font-variation-settings: inherit; font-size: 16px; vertical-align: baseline; color: rgba(0, 0, 0, 0.87); white-space-collapse: collapse;\">80 Centros Municipais de Educa\u00e7\u00e3o Infantil (CMEIs) em v\u00e1rios bairros da cidade<\/p><p style=\"box-sizing: border-box; margin-right: 0px; margin-bottom: 20px; margin-left: 0px; line-height: inherit; padding: 0px; border: 0px; font-variant-numeric: inherit; font-variant-east-asian: inherit; font-variant-alternates: inherit; font-stretch: inherit; font-family: Roboto, sans-serif; font-optical-sizing: inherit; font-kerning: inherit; font-feature-settings: inherit; font-variation-settings: inherit; font-size: 16px; vertical-align: baseline; color: rgba(0, 0, 0, 0.87); white-space-collapse: collapse;\">Escola Municipal Adroaldo Ribeiro Costa<\/p><p style=\"box-sizing: border-box; margin-right: 0px; margin-bottom: 20px; margin-left: 0px; line-height: inherit; padding: 0px; border: 0px; font-variant-numeric: inherit; font-variant-east-asian: inherit; font-variant-alternates: inherit; font-stretch: inherit; font-family: Roboto, sans-serif; font-optical-sizing: inherit; font-kerning: inherit; font-feature-settings: inherit; font-variation-settings: inherit; font-size: 16px; vertical-align: baseline; color: rgba(0, 0, 0, 0.87); white-space-collapse: collapse;\">Escola Municipal Paroquial da Vit\u00f3ria<\/p><p style=\"box-sizing: border-box; margin-right: 0px; margin-bottom: 20px; margin-left: 0px; line-height: inherit; padding: 0px; border: 0px; font-variant-numeric: inherit; font-variant-east-asian: inherit; font-variant-alternates: inherit; font-stretch: inherit; font-family: Roboto, sans-serif; font-optical-sizing: inherit; font-kerning: inherit; font-feature-settings: inherit; font-variation-settings: inherit; font-size: 16px; vertical-align: baseline; color: rgba(0, 0, 0, 0.87); white-space-collapse: collapse;\">Escola Municipal Luiz Anselmo<\/p><p style=\"box-sizing: border-box; margin-right: 0px; margin-bottom: 20px; margin-left: 0px; line-height: inherit; padding: 0px; border: 0px; font-variant-numeric: inherit; font-variant-east-asian: inherit; font-variant-alternates: inherit; font-stretch: inherit; font-family: Roboto, sans-serif; font-optical-sizing: inherit; font-kerning: inherit; font-feature-settings: inherit; font-variation-settings: inherit; font-size: 16px; vertical-align: baseline; color: rgba(0, 0, 0, 0.87); white-space-collapse: collapse;\">Escola Municipal Carmelitana do Menino Jesus<\/p><p style=\"box-sizing: border-box; margin-right: 0px; margin-bottom: 20px; margin-left: 0px; line-height: inherit; padding: 0px; border: 0px; font-variant-numeric: inherit; font-variant-east-asian: inherit; font-variant-alternates: inherit; font-stretch: inherit; font-family: Roboto, sans-serif; font-optical-sizing: inherit; font-kerning: inherit; font-feature-settings: inherit; font-variation-settings: inherit; font-size: 16px; vertical-align: baseline; color: rgba(0, 0, 0, 0.87); white-space-collapse: collapse;\">Escola Municipal Irene da Silva Costa<\/p><p style=\"box-sizing: border-box; margin-right: 0px; margin-bottom: 20px; margin-left: 0px; line-height: inherit; padding: 0px; border: 0px; font-variant-numeric: inherit; font-variant-east-asian: inherit; font-variant-alternates: inherit; font-stretch: inherit; font-family: Roboto, sans-serif; font-optical-sizing: inherit; font-kerning: inherit; font-feature-settings: inherit; font-variation-settings: inherit; font-size: 16px; vertical-align: baseline; color: rgba(0, 0, 0, 0.87); white-space-collapse: collapse;\">Escola Municipal Elysio Atha\u00edde<\/p><p style=\"box-sizing: border-box; margin-right: 0px; margin-bottom: 20px; margin-left: 0px; line-height: inherit; padding: 0px; border: 0px; font-variant-numeric: inherit; font-variant-east-asian: inherit; font-variant-alternates: inherit; font-stretch: inherit; font-family: Roboto, sans-serif; font-optical-sizing: inherit; font-kerning: inherit; font-feature-settings: inherit; font-variation-settings: inherit; font-size: 16px; vertical-align: baseline; color: rgba(0, 0, 0, 0.87); white-space-collapse: collapse;\">Escola Municipal Teresa Cristina<\/p><p style=\"box-sizing: border-box; margin-right: 0px; margin-bottom: 20px; margin-left: 0px; line-height: inherit; padding: 0px; border: 0px; font-variant-numeric: inherit; font-variant-east-asian: inherit; font-variant-alternates: inherit; font-stretch: inherit; font-family: Roboto, sans-serif; font-optical-sizing: inherit; font-kerning: inherit; font-feature-settings: inherit; font-variation-settings: inherit; font-size: 16px; vertical-align: baseline; color: rgba(0, 0, 0, 0.87); white-space-collapse: collapse;\">Escola Municipal Pitua\u00e7u<\/p><p style=\"box-sizing: border-box; margin-right: 0px; margin-bottom: 20px; margin-left: 0px; line-height: inherit; padding: 0px; border: 0px; font-variant-numeric: inherit; font-variant-east-asian: inherit; font-variant-alternates: inherit; font-stretch: inherit; font-family: Roboto, sans-serif; font-optical-sizing: inherit; font-kerning: inherit; font-feature-settings: inherit; font-variation-settings: inherit; font-size: 16px; vertical-align: baseline; color: rgba(0, 0, 0, 0.87); white-space-collapse: collapse;\">Escola Municipal Maur\u00edcio Jos\u00e9 Barbosa<\/p><p style=\"box-sizing: border-box; margin-right: 0px; margin-bottom: 20px; margin-left: 0px; line-height: inherit; padding: 0px; border: 0px; font-variant-numeric: inherit; font-variant-east-asian: inherit; font-variant-alternates: inherit; font-stretch: inherit; font-family: Roboto, sans-serif; font-optical-sizing: inherit; font-kerning: inherit; font-feature-settings: inherit; font-variation-settings: inherit; font-size: 16px; vertical-align: baseline; color: rgba(0, 0, 0, 0.87); white-space-collapse: collapse;\">Escola Municipal Herc\u00edlia Moreira<\/p><p style=\"box-sizing: border-box; margin-right: 0px; margin-bottom: 20px; margin-left: 0px; line-height: inherit; padding: 0px; border: 0px; font-variant-numeric: inherit; font-variant-east-asian: inherit; font-variant-alternates: inherit; font-stretch: inherit; font-family: Roboto, sans-serif; font-optical-sizing: inherit; font-kerning: inherit; font-feature-settings: inherit; font-variation-settings: inherit; font-size: 16px; vertical-align: baseline; color: rgba(0, 0, 0, 0.87); white-space-collapse: collapse;\">Escola Municipal Anita Barbuda<\/p><p style=\"box-sizing: border-box; margin-right: 0px; margin-bottom: 20px; margin-left: 0px; line-height: inherit; padding: 0px; border: 0px; font-variant-numeric: inherit; font-variant-east-asian: inherit; font-variant-alternates: inherit; font-stretch: inherit; font-family: Roboto, sans-serif; font-optical-sizing: inherit; font-kerning: inherit; font-feature-settings: inherit; font-variation-settings: inherit; font-size: 16px; vertical-align: baseline; color: rgba(0, 0, 0, 0.87); white-space-collapse: collapse;\">Escola Municipal Hilda Fortuna<\/p><p style=\"box-sizing: border-box; margin-right: 0px; margin-bottom: 20px; margin-left: 0px; line-height: inherit; padding: 0px; border: 0px; font-variant-numeric: inherit; font-variant-east-asian: inherit; font-variant-alternates: inherit; font-stretch: inherit; font-family: Roboto, sans-serif; font-optical-sizing: inherit; font-kerning: inherit; font-feature-settings: inherit; font-variation-settings: inherit; font-size: 16px; vertical-align: baseline; color: rgba(0, 0, 0, 0.87); white-space-collapse: collapse;\">Escola Municipal Fazenda Coutos<\/p><p style=\"box-sizing: border-box; margin-right: 0px; margin-bottom: 20px; margin-left: 0px; line-height: inherit; padding: 0px; border: 0px; font-variant-numeric: inherit; font-variant-east-asian: inherit; font-variant-alternates: inherit; font-stretch: inherit; font-family: Roboto, sans-serif; font-optical-sizing: inherit; font-kerning: inherit; font-feature-settings: inherit; font-variation-settings: inherit; font-size: 16px; vertical-align: baseline; color: rgba(0, 0, 0, 0.87); white-space-collapse: collapse;\">Escolab 360\u00ba<\/p><p style=\"box-sizing: border-box; margin-right: 0px; margin-bottom: 20px; margin-left: 0px; line-height: inherit; padding: 0px; border: 0px; font-variant-numeric: inherit; font-variant-east-asian: inherit; font-variant-alternates: inherit; font-stretch: inherit; font-family: Roboto, sans-serif; font-optical-sizing: inherit; font-kerning: inherit; font-feature-settings: inherit; font-variation-settings: inherit; font-size: 16px; vertical-align: baseline; color: rgba(0, 0, 0, 0.87); white-space-collapse: collapse;\">Escola Municipal Bom Jesus<\/p><p style=\"box-sizing: border-box; margin-right: 0px; margin-bottom: 20px; margin-left: 0px; line-height: inherit; padding: 0px; border: 0px; font-variant-numeric: inherit; font-variant-east-asian: inherit; font-variant-alternates: inherit; font-stretch: inherit; font-family: Roboto, sans-serif; font-optical-sizing: inherit; font-kerning: inherit; font-feature-settings: inherit; font-variation-settings: inherit; font-size: 16px; vertical-align: baseline; color: rgba(0, 0, 0, 0.87); white-space-collapse: collapse;\">Escola Municipal Claudemira Santos Lima<\/p><p style=\"box-sizing: border-box; margin-right: 0px; margin-bottom: 20px; margin-left: 0px; line-height: inherit; padding: 0px; border: 0px; font-variant-numeric: inherit; font-variant-east-asian: inherit; font-variant-alternates: inherit; font-stretch: inherit; font-family: Roboto, sans-serif; font-optical-sizing: inherit; font-kerning: inherit; font-feature-settings: inherit; font-variation-settings: inherit; font-size: 16px; vertical-align: baseline; color: rgba(0, 0, 0, 0.87); white-space-collapse: collapse;\">Escola Municipal Ilha de Mar\u00e9<\/p><p style=\"box-sizing: border-box; margin-right: 0px; margin-bottom: 20px; margin-left: 0px; line-height: inherit; padding: 0px; border: 0px; font-variant-numeric: inherit; font-variant-east-asian: inherit; font-variant-alternates: inherit; font-stretch: inherit; font-family: Roboto, sans-serif; font-optical-sizing: inherit; font-kerning: inherit; font-feature-settings: inherit; font-variation-settings: inherit; font-size: 16px; vertical-align: baseline; color: rgba(0, 0, 0, 0.87); white-space-collapse: collapse;\">Escola Municipal Bananeira<\/p><p style=\"box-sizing: border-box; margin-right: 0px; margin-bottom: 20px; margin-left: 0px; line-height: inherit; padding: 0px; border: 0px; font-variant-numeric: inherit; font-variant-east-asian: inherit; font-variant-alternates: inherit; font-stretch: inherit; font-family: Roboto, sans-serif; font-optical-sizing: inherit; font-kerning: inherit; font-feature-settings: inherit; font-variation-settings: inherit; font-size: 16px; vertical-align: baseline; color: rgba(0, 0, 0, 0.87); white-space-collapse: collapse;\">Escola Municipal Nossa Senhora de F\u00e1tima<\/p><p style=\"box-sizing: border-box; margin-right: 0px; margin-bottom: 20px; margin-left: 0px; line-height: inherit; padding: 0px; border: 0px; font-variant-numeric: inherit; font-variant-east-asian: inherit; font-variant-alternates: inherit; font-stretch: inherit; font-family: Roboto, sans-serif; font-optical-sizing: inherit; font-kerning: inherit; font-feature-settings: inherit; font-variation-settings: inherit; font-size: 16px; vertical-align: baseline; color: rgba(0, 0, 0, 0.87); white-space-collapse: collapse;\">Escola Municipal de Botelho<\/p><p style=\"box-sizing: border-box; margin-right: 0px; margin-bottom: 20px; margin-left: 0px; line-height: inherit; padding: 0px; border: 0px; font-variant-numeric: inherit; font-variant-east-asian: inherit; font-variant-alternates: inherit; font-stretch: inherit; font-family: Roboto, sans-serif; font-optical-sizing: inherit; font-kerning: inherit; font-feature-settings: inherit; font-variation-settings: inherit; font-size: 16px; vertical-align: baseline; color: rgba(0, 0, 0, 0.87); white-space-collapse: collapse;\">Escola Municipal Ilha dos Frades<\/p><\/p>\n","protected":false},"excerpt":{"rendered":"<p>A Prefeitura de Salvador, por meio da Secretaria Municipal da Educa\u00e7\u00e3o (Smed), vai ofertar este ano o ensino integral para 13.865 crian\u00e7as e adolescentes em 103 escolas da rede, com a cria\u00e7\u00e3o de 3.946 novas vagas ap\u00f3s pacto com o Minist\u00e9rio da Educa\u00e7\u00e3o (MEC). A capital baiana tem 80 Centros Municipais de Educa\u00e7\u00e3o Infantil (CMEIs) [&hellip;]<\/p>\n","protected":false},"author":2,"featured_media":7341,"comment_status":"open","ping_status":"open","sticky":false,"template":"","format":"standard","meta":{"footnotes":""},"categories":[85],"tags":[],"class_list":["post-7340","post","type-post","status-publish","format-standard","has-post-thumbnail","hentry","category-noticias"],"_links":{"self":[{"href":"https:\/\/diabahia.com.br\/index.php\/wp-json\/wp\/v2\/posts\/7340","targetHints":{"allow":["GET"]}}],"collection":[{"href":"https:\/\/diabahia.com.br\/index.php\/wp-json\/wp\/v2\/posts"}],"about":[{"href":"https:\/\/diabahia.com.br\/index.php\/wp-json\/wp\/v2\/types\/post"}],"author":[{"embeddable":true,"href":"https:\/\/diabahia.com.br\/index.php\/wp-json\/wp\/v2\/users\/2"}],"replies":[{"embeddable":true,"href":"https:\/\/diabahia.com.br\/index.php\/wp-json\/wp\/v2\/comments?post=7340"}],"version-history":[{"count":0,"href":"https:\/\/diabahia.com.br\/index.php\/wp-json\/wp\/v2\/posts\/7340\/revisions"}],"wp:featuredmedia":[{"embeddable":true,"href":"https:\/\/diabahia.com.br\/index.php\/wp-json\/wp\/v2\/media\/7341"}],"wp:attachment":[{"href":"https:\/\/diabahia.com.br\/index.php\/wp-json\/wp\/v2\/media?parent=7340"}],"wp:term":[{"taxonomy":"category","embeddable":true,"href":"https:\/\/diabahia.com.br\/index.php\/wp-json\/wp\/v2\/categories?post=7340"},{"taxonomy":"post_tag","embeddable":true,"href":"https:\/\/diabahia.com.br\/index.php\/wp-json\/wp\/v2\/tags?post=7340"}],"curies":[{"name":"wp","href":"https:\/\/api.w.org\/{rel}","templated":true}]}}