{"id":7102,"date":"2024-01-19T10:38:00","date_gmt":"2024-01-19T13:38:00","guid":{"rendered":"https:\/\/diabahia.com.br\/?p=7102"},"modified":"2024-01-19T10:38:02","modified_gmt":"2024-01-19T13:38:02","slug":"dpu-e-embaixada-da-franca-trocam-experiencias-sobre-protecao-da-populacao-lgbtqia","status":"publish","type":"post","link":"https:\/\/diabahia.com.br\/index.php\/2024\/01\/19\/dpu-e-embaixada-da-franca-trocam-experiencias-sobre-protecao-da-populacao-lgbtqia\/","title":{"rendered":"DPU e Embaixada da Fran\u00e7a trocam experi\u00eancias sobre prote\u00e7\u00e3o da popula\u00e7\u00e3o LGBTQIA+"},"content":{"rendered":"\n<p>Para fortalecer redes internacionais de defesa dos direitos humanos, o defensor p\u00fablico-geral federal (DPGF), Leonardo Magalh\u00e3es, recebeu o embaixador franc\u00eas para assuntos LGBTQIA +, Jean-Marc Berthon, e representantes da embaixada no Brasil. A reuni\u00e3o ocorreu nesta quinta-feira (18), na sede da Defensoria P\u00fablica da Uni\u00e3o (DPU), em Bras\u00edlia (DF).<\/p>\n\n\n\n<p>As autoridades conversaram sobre o interc\u00e2mbio de experi\u00eancias em a\u00e7\u00f5es para a popula\u00e7\u00e3o vulner\u00e1vel. Jean-Marc Berthon explicou que buscou di\u00e1logo com a DPU por reconhecer o Brasil como lideran\u00e7a em direitos humanos no mundo.<\/p>\n\n\n\n<p>\u201cHoje ainda existem mais de 60 pa\u00edses que punem a popula\u00e7\u00e3o LGBTQIA+, muitos ainda aplicam a pena de morte. \u00c9 um esc\u00e2ndalo que n\u00e3o podemos aceitar\u201d, afirmou o embaixador.&nbsp;<\/p>\n\n\n\n<p>\u201cSou encarregado de levar essa mensagem para uma sociedade mais justa. Vim ao Brasil trocar ideias e entender como podemos nos ajudar. O Brasil \u00e9 uma lideran\u00e7a internacional que tem a capacidade de mudar as coisas na Am\u00e9rica do Sul, no Caribe e at\u00e9 na \u00c1frica\u201d, completou.<\/p>\n\n\n\n<p>Leonardo Magalh\u00e3es lembrou que a DPU j\u00e1 assinou acordos de coopera\u00e7\u00e3o que permitem a troca de boas pr\u00e1ticas e estrat\u00e9gias bem-sucedidas em promover e proteger os direitos da comunidade LGBTQIA +. \u201cA DPU est\u00e1 \u00e0 disposi\u00e7\u00e3o. Coincidimos nos nossos objetivos e valores. Estamos a postos na defesa das pessoas vulner\u00e1veis, entre elas as LGBTQIA +. Vamos envolver a Embaixada da Fran\u00e7a nas nossas a\u00e7\u00f5es\u201d, disse. \u201cAcho importante n\u00f3s fazermos essas trocas em busca de solu\u00e7\u00f5es\u201d, enfatizou.<\/p>\n\n\n\n<p>O di\u00e1logo entre essas na\u00e7\u00f5es parceiras pode resultar em esfor\u00e7os coordenados para abordar quest\u00f5es transnacionais, como asilo para pessoas LGBTQIA+ que enfrentam persegui\u00e7\u00e3o em seus pa\u00edses de origem. Atualmente, a DPU atende \u00e0 popula\u00e7\u00e3o migrante com a presta\u00e7\u00e3o de assist\u00eancia jur\u00eddica especializada em todas as unidades, tanto para temas de direito migrat\u00f3rio como de acesso a direitos b\u00e1sicos como sa\u00fade, educa\u00e7\u00e3o, assist\u00eancia social e trabalho.<\/p>\n\n\n\n<p>O vice- defensor p\u00fablico-geral federal da DPU, Fernando Mauro Junior, tamb\u00e9m participou da reuni\u00e3o e mostrou \u00e0s autoridades diversas atua\u00e7\u00f5es da DPU que salvaguardam os direitos das pessoas vulner\u00e1veis. A secret\u00e1ria-geral de Articula\u00e7\u00f5es Institucionais da DPU, Charlene Borges, apresentou os resultados das a\u00e7\u00f5es dos 16 Grupos de Trabalho da DPU que promovem pol\u00edticas estrat\u00e9gicas junto ao governo.<\/p>\n\n\n\n<p>Tamb\u00e9m participaram da reuni\u00e3o a coordenadora de Coopera\u00e7\u00e3o de Rela\u00e7\u00f5es Internacionais da DPU, Camila Gomes; a vice-presidente da Associa\u00e7\u00e3o Nacional dos Defensores e Defensoras P\u00fablicos Federais (Anadef), Alessandra Wolff; e a premi\u00e8re secr\u00e8taire politique int\u00e8rieure, Cynthia Ohayon.<\/p>\n\n\n\n<p>O secret\u00e1rio de A\u00e7\u00f5es Estrat\u00e9gicas da DPU, Ed Fuloni, fez um balan\u00e7o da atua\u00e7\u00e3o do Grupo de Trabalho LGBTQIA+ em 2023.<\/p>\n\n\n\n<p>Fonte: Bahia Not\u00edcias <\/p>\n","protected":false},"excerpt":{"rendered":"<p>Para fortalecer redes internacionais de defesa dos direitos humanos, o defensor p\u00fablico-geral federal (DPGF), Leonardo Magalh\u00e3es, recebeu o embaixador franc\u00eas para assuntos LGBTQIA +, Jean-Marc Berthon, e representantes da embaixada no Brasil. A reuni\u00e3o ocorreu nesta quinta-feira (18), na sede da Defensoria P\u00fablica da Uni\u00e3o (DPU), em Bras\u00edlia (DF). As autoridades conversaram sobre o interc\u00e2mbio [&hellip;]<\/p>\n","protected":false},"author":2,"featured_media":7103,"comment_status":"open","ping_status":"open","sticky":false,"template":"","format":"standard","meta":{"footnotes":""},"categories":[107],"tags":[],"class_list":["post-7102","post","type-post","status-publish","format-standard","has-post-thumbnail","hentry","category-justica"],"_links":{"self":[{"href":"https:\/\/diabahia.com.br\/index.php\/wp-json\/wp\/v2\/posts\/7102","targetHints":{"allow":["GET"]}}],"collection":[{"href":"https:\/\/diabahia.com.br\/index.php\/wp-json\/wp\/v2\/posts"}],"about":[{"href":"https:\/\/diabahia.com.br\/index.php\/wp-json\/wp\/v2\/types\/post"}],"author":[{"embeddable":true,"href":"https:\/\/diabahia.com.br\/index.php\/wp-json\/wp\/v2\/users\/2"}],"replies":[{"embeddable":true,"href":"https:\/\/diabahia.com.br\/index.php\/wp-json\/wp\/v2\/comments?post=7102"}],"version-history":[{"count":0,"href":"https:\/\/diabahia.com.br\/index.php\/wp-json\/wp\/v2\/posts\/7102\/revisions"}],"wp:featuredmedia":[{"embeddable":true,"href":"https:\/\/diabahia.com.br\/index.php\/wp-json\/wp\/v2\/media\/7103"}],"wp:attachment":[{"href":"https:\/\/diabahia.com.br\/index.php\/wp-json\/wp\/v2\/media?parent=7102"}],"wp:term":[{"taxonomy":"category","embeddable":true,"href":"https:\/\/diabahia.com.br\/index.php\/wp-json\/wp\/v2\/categories?post=7102"},{"taxonomy":"post_tag","embeddable":true,"href":"https:\/\/diabahia.com.br\/index.php\/wp-json\/wp\/v2\/tags?post=7102"}],"curies":[{"name":"wp","href":"https:\/\/api.w.org\/{rel}","templated":true}]}}