{"id":7096,"date":"2024-01-19T10:26:33","date_gmt":"2024-01-19T13:26:33","guid":{"rendered":"https:\/\/diabahia.com.br\/?p=7096"},"modified":"2024-01-19T10:26:36","modified_gmt":"2024-01-19T13:26:36","slug":"rui-costa-confirma-ampliacao-do-metro-de-salvador-ate-o-campo-grande","status":"publish","type":"post","link":"https:\/\/diabahia.com.br\/index.php\/2024\/01\/19\/rui-costa-confirma-ampliacao-do-metro-de-salvador-ate-o-campo-grande\/","title":{"rendered":"Rui Costa confirma amplia\u00e7\u00e3o do metr\u00f4 de Salvador at\u00e9 o Campo Grande"},"content":{"rendered":"\n<p>Em visita a Salvador acompanhado do presidente Lula, Rui Costa anuncia que projeto de expans\u00e3o do metr\u00f4 de Salvador at\u00e9 o Campo Grande foi aprovado no Programa de Acelera\u00e7\u00e3o do Crescimento (PAC).<\/p>\n\n\n\n<p>\u201cO presidente garantiu o pedido do governador Jer\u00f4nimo de estender o metr\u00f4 at\u00e9 o Campo Grande. N\u00f3s j\u00e1 teremos, em breve, as obras iniciadas. Hoje o metr\u00f4 vai at\u00e9 a Lapa. Ent\u00e3o, n\u00f3s teremos uma nova esta\u00e7\u00e3o no Campo Grande, que vai beneficiar muitos moradores ali da regi\u00e3o e aumentar o uso do metr\u00f4&#8221;, disse Rui Costa, em&nbsp;entrevista \u00e0 TV Bahia.<\/p>\n\n\n\n<p>O Ministro da Casa Civil esteve com o presidente em evento para o lan\u00e7amento do Parque Tecnol\u00f3gico Aeroespacial da Bahia.<\/p>\n\n\n\n<p>Fonte: Varela Net <\/p>\n","protected":false},"excerpt":{"rendered":"<p>Em visita a Salvador acompanhado do presidente Lula, Rui Costa anuncia que projeto de expans\u00e3o do metr\u00f4 de Salvador at\u00e9 o Campo Grande foi aprovado no Programa de Acelera\u00e7\u00e3o do Crescimento (PAC). \u201cO presidente garantiu o pedido do governador Jer\u00f4nimo de estender o metr\u00f4 at\u00e9 o Campo Grande. N\u00f3s j\u00e1 teremos, em breve, as obras [&hellip;]<\/p>\n","protected":false},"author":2,"featured_media":7097,"comment_status":"open","ping_status":"open","sticky":false,"template":"","format":"standard","meta":{"footnotes":""},"categories":[91],"tags":[],"class_list":["post-7096","post","type-post","status-publish","format-standard","has-post-thumbnail","hentry","category-politica"],"_links":{"self":[{"href":"https:\/\/diabahia.com.br\/index.php\/wp-json\/wp\/v2\/posts\/7096","targetHints":{"allow":["GET"]}}],"collection":[{"href":"https:\/\/diabahia.com.br\/index.php\/wp-json\/wp\/v2\/posts"}],"about":[{"href":"https:\/\/diabahia.com.br\/index.php\/wp-json\/wp\/v2\/types\/post"}],"author":[{"embeddable":true,"href":"https:\/\/diabahia.com.br\/index.php\/wp-json\/wp\/v2\/users\/2"}],"replies":[{"embeddable":true,"href":"https:\/\/diabahia.com.br\/index.php\/wp-json\/wp\/v2\/comments?post=7096"}],"version-history":[{"count":0,"href":"https:\/\/diabahia.com.br\/index.php\/wp-json\/wp\/v2\/posts\/7096\/revisions"}],"wp:featuredmedia":[{"embeddable":true,"href":"https:\/\/diabahia.com.br\/index.php\/wp-json\/wp\/v2\/media\/7097"}],"wp:attachment":[{"href":"https:\/\/diabahia.com.br\/index.php\/wp-json\/wp\/v2\/media?parent=7096"}],"wp:term":[{"taxonomy":"category","embeddable":true,"href":"https:\/\/diabahia.com.br\/index.php\/wp-json\/wp\/v2\/categories?post=7096"},{"taxonomy":"post_tag","embeddable":true,"href":"https:\/\/diabahia.com.br\/index.php\/wp-json\/wp\/v2\/tags?post=7096"}],"curies":[{"name":"wp","href":"https:\/\/api.w.org\/{rel}","templated":true}]}}