{"id":7057,"date":"2024-01-18T11:01:00","date_gmt":"2024-01-18T14:01:00","guid":{"rendered":"https:\/\/diabahia.com.br\/?p=7057"},"modified":"2024-01-18T11:01:03","modified_gmt":"2024-01-18T14:01:03","slug":"alvo-da-pf-deputado-bolsonarista-nega-apoio-a-ato-e-ataca-moraes","status":"publish","type":"post","link":"https:\/\/diabahia.com.br\/index.php\/2024\/01\/18\/alvo-da-pf-deputado-bolsonarista-nega-apoio-a-ato-e-ataca-moraes\/","title":{"rendered":"Alvo da PF, deputado bolsonarista nega apoio a ato e ataca Moraes"},"content":{"rendered":"\n<p>Ap\u00f3s ser alvo de buscas e apreens\u00e3o em domic\u00edlio e no seu gabinete em Bras\u00edlia,\u00a0na manh\u00e3 desta quinta-feira, 18, o deputado federal Carlos Jordy (PL-RJ) se pronunciou sobre o assunto, negou apoio a atos antidemocr\u00e1ticos e criticou o ministro do Supremo Tribunal Federal (STF), Alexandre de Moraes. <\/p>\n\n\n\n<p>\u201cEm momento algum do 8 de Janeiro incitei ou falei para as pessoas que aquilo era correto, pelo contr\u00e1rio. Em momento algum estive nos quart\u00e9is quando estavam acontecendo acampamentos, nunca apoiei qualquer tipo de ato anterior ou depois do 8 de Janeiro. N\u00e3o h\u00e1 nada que possa ser colocado contra mim ou que justifique essa busca e apreens\u00e3o\u201d, disse o parlamentar em v\u00eddeo publicado na sua p\u00e1gina do Instagram.<\/p>\n\n\n\n<p>Dedicada a investigar atos antidemocr\u00e1ticos, a Opera\u00e7\u00e3o Lesa P\u00e1tria est\u00e1 na 24\u00aa fase e teve oito mandados de busca no Rio de Janeiro e dois no Distrito Federal na manh\u00e3 desta quinta-feira, 18. A PF apreendeu uma arma e um celular do deputado.<\/p>\n\n\n\n<p>\u201cTentaram buscar outras coisas que pudessem me incriminar, mas n\u00e3o encontraram nada. Queriam dinheiro, eu tinha R$ 1 mil aqui em casa. Eu realmente n\u00e3o sabia o que era [a opera\u00e7\u00e3o] at\u00e9 ter acesso a todas as not\u00edcias\u201d, concluiu.<\/p>\n\n\n\n<p>Fonte: A Tarde <\/p>\n","protected":false},"excerpt":{"rendered":"<p>Ap\u00f3s ser alvo de buscas e apreens\u00e3o em domic\u00edlio e no seu gabinete em Bras\u00edlia,\u00a0na manh\u00e3 desta quinta-feira, 18, o deputado federal Carlos Jordy (PL-RJ) se pronunciou sobre o assunto, negou apoio a atos antidemocr\u00e1ticos e criticou o ministro do Supremo Tribunal Federal (STF), Alexandre de Moraes. \u201cEm momento algum do 8 de Janeiro incitei [&hellip;]<\/p>\n","protected":false},"author":2,"featured_media":7058,"comment_status":"open","ping_status":"open","sticky":false,"template":"","format":"standard","meta":{"footnotes":""},"categories":[89],"tags":[],"class_list":["post-7057","post","type-post","status-publish","format-standard","has-post-thumbnail","hentry","category-esportes"],"_links":{"self":[{"href":"https:\/\/diabahia.com.br\/index.php\/wp-json\/wp\/v2\/posts\/7057","targetHints":{"allow":["GET"]}}],"collection":[{"href":"https:\/\/diabahia.com.br\/index.php\/wp-json\/wp\/v2\/posts"}],"about":[{"href":"https:\/\/diabahia.com.br\/index.php\/wp-json\/wp\/v2\/types\/post"}],"author":[{"embeddable":true,"href":"https:\/\/diabahia.com.br\/index.php\/wp-json\/wp\/v2\/users\/2"}],"replies":[{"embeddable":true,"href":"https:\/\/diabahia.com.br\/index.php\/wp-json\/wp\/v2\/comments?post=7057"}],"version-history":[{"count":0,"href":"https:\/\/diabahia.com.br\/index.php\/wp-json\/wp\/v2\/posts\/7057\/revisions"}],"wp:featuredmedia":[{"embeddable":true,"href":"https:\/\/diabahia.com.br\/index.php\/wp-json\/wp\/v2\/media\/7058"}],"wp:attachment":[{"href":"https:\/\/diabahia.com.br\/index.php\/wp-json\/wp\/v2\/media?parent=7057"}],"wp:term":[{"taxonomy":"category","embeddable":true,"href":"https:\/\/diabahia.com.br\/index.php\/wp-json\/wp\/v2\/categories?post=7057"},{"taxonomy":"post_tag","embeddable":true,"href":"https:\/\/diabahia.com.br\/index.php\/wp-json\/wp\/v2\/tags?post=7057"}],"curies":[{"name":"wp","href":"https:\/\/api.w.org\/{rel}","templated":true}]}}