{"id":7030,"date":"2024-01-17T16:04:41","date_gmt":"2024-01-17T19:04:41","guid":{"rendered":"https:\/\/diabahia.com.br\/?p=7030"},"modified":"2024-01-17T16:04:43","modified_gmt":"2024-01-17T19:04:43","slug":"morre-aos-94-helcio-nunan-macedo-ex-tecnico-e-jogador-da-selecao-brasileira-de-volei","status":"publish","type":"post","link":"https:\/\/diabahia.com.br\/index.php\/2024\/01\/17\/morre-aos-94-helcio-nunan-macedo-ex-tecnico-e-jogador-da-selecao-brasileira-de-volei\/","title":{"rendered":"Morre, aos 94, H\u00e9lcio Nunan Macedo, ex-t\u00e9cnico e jogador da sele\u00e7\u00e3o brasileira de v\u00f4lei"},"content":{"rendered":"\n<p id=\"paragrafo-j24xq6p3yu\">T\u00e9cnico com passagem marcante pelo v\u00f4lei brasileiro por sete d\u00e9cadas, onde tamb\u00e9m atuou como dirigente, Helcio Nunan Macedo morreu nesta quarta-feira (17), aos 94 anos, em Belo Horizonte.<\/p>\n\n\n\n<p id=\"paragrafo-u8x86fqorv\">A Confedera\u00e7\u00e3o Brasileira de V\u00f4lei (CBV), por meio de nota, manifestou a sua solidariedade aos familiares e decretou luto oficial de tr\u00eas dias. Nunan Macedo n\u00e3o se limitou a trabalhar como t\u00e9cnico e tamb\u00e9m esteve em cargos diretivos como a presid\u00eancia da Federa\u00e7\u00e3o Mineira de V\u00f4lei, al\u00e9m de ter sido supervisor das sele\u00e7\u00f5es de base na CBV.<\/p>\n\n\n\n<p id=\"paragrafo-ub59rlqvq3\">&#8220;Recebemos a not\u00edcia com imensa tristeza. Helcio se preocupava muito com o desenvolvimento dos jovens talentos. Seu objetivo n\u00e3o era apenas formar atletas, mas cidad\u00e3os&#8221;, diz parte do texto da CBV.<\/p>\n\n\n\n<p id=\"paragrafo-meq2towegf\">A entidade destacou a sua atua\u00e7\u00e3o como esportista e citou a sua import\u00e2ncia para a evolu\u00e7\u00e3o da modalidade. &#8220;Fez parte da hist\u00f3ria de diversos medalhistas ol\u00edmpicos e deixou um imenso legado para o v\u00f4lei nacional.&#8221;<\/p>\n\n\n\n<p id=\"paragrafo-z8932s1oli\">Como atleta, Helcio Nunan Macedo tamb\u00e9m deixou a sua marca ao integrar a sele\u00e7\u00e3o masculina no in\u00edcio da d\u00e9cada de 1950, onde participou do primeiro Campeonato Sul-Americano, no ano seguinte Como treinador, comandou a sele\u00e7\u00e3o feminina do Brasil entre 1965 e 1967.<\/p>\n\n\n\n<p>Fonte: Jornal Correio <\/p>\n","protected":false},"excerpt":{"rendered":"<p>T\u00e9cnico com passagem marcante pelo v\u00f4lei brasileiro por sete d\u00e9cadas, onde tamb\u00e9m atuou como dirigente, Helcio Nunan Macedo morreu nesta quarta-feira (17), aos 94 anos, em Belo Horizonte. A Confedera\u00e7\u00e3o Brasileira de V\u00f4lei (CBV), por meio de nota, manifestou a sua solidariedade aos familiares e decretou luto oficial de tr\u00eas dias. Nunan Macedo n\u00e3o se [&hellip;]<\/p>\n","protected":false},"author":2,"featured_media":7031,"comment_status":"open","ping_status":"open","sticky":false,"template":"","format":"standard","meta":{"footnotes":""},"categories":[85],"tags":[],"class_list":["post-7030","post","type-post","status-publish","format-standard","has-post-thumbnail","hentry","category-noticias"],"_links":{"self":[{"href":"https:\/\/diabahia.com.br\/index.php\/wp-json\/wp\/v2\/posts\/7030","targetHints":{"allow":["GET"]}}],"collection":[{"href":"https:\/\/diabahia.com.br\/index.php\/wp-json\/wp\/v2\/posts"}],"about":[{"href":"https:\/\/diabahia.com.br\/index.php\/wp-json\/wp\/v2\/types\/post"}],"author":[{"embeddable":true,"href":"https:\/\/diabahia.com.br\/index.php\/wp-json\/wp\/v2\/users\/2"}],"replies":[{"embeddable":true,"href":"https:\/\/diabahia.com.br\/index.php\/wp-json\/wp\/v2\/comments?post=7030"}],"version-history":[{"count":0,"href":"https:\/\/diabahia.com.br\/index.php\/wp-json\/wp\/v2\/posts\/7030\/revisions"}],"wp:featuredmedia":[{"embeddable":true,"href":"https:\/\/diabahia.com.br\/index.php\/wp-json\/wp\/v2\/media\/7031"}],"wp:attachment":[{"href":"https:\/\/diabahia.com.br\/index.php\/wp-json\/wp\/v2\/media?parent=7030"}],"wp:term":[{"taxonomy":"category","embeddable":true,"href":"https:\/\/diabahia.com.br\/index.php\/wp-json\/wp\/v2\/categories?post=7030"},{"taxonomy":"post_tag","embeddable":true,"href":"https:\/\/diabahia.com.br\/index.php\/wp-json\/wp\/v2\/tags?post=7030"}],"curies":[{"name":"wp","href":"https:\/\/api.w.org\/{rel}","templated":true}]}}