{"id":7027,"date":"2024-01-17T15:58:56","date_gmt":"2024-01-17T18:58:56","guid":{"rendered":"https:\/\/diabahia.com.br\/?p=7027"},"modified":"2024-01-17T15:58:58","modified_gmt":"2024-01-17T18:58:58","slug":"secretaria-de-saude-emite-alerta-para-lesoes-de-pele-apos-banho-de-mar-em-salvador","status":"publish","type":"post","link":"https:\/\/diabahia.com.br\/index.php\/2024\/01\/17\/secretaria-de-saude-emite-alerta-para-lesoes-de-pele-apos-banho-de-mar-em-salvador\/","title":{"rendered":"Secretaria de Sa\u00fade emite alerta para les\u00f5es de pele ap\u00f3s banho de mar em Salvador"},"content":{"rendered":"\n<p>A Secretaria Municipal de Sa\u00fade (SMS) emitiu alerta sobre a ocorr\u00eancia de rea\u00e7\u00f5es al\u00e9rgicas e les\u00f5es de pele cut\u00e2neas ap\u00f3s o banho de mar em Salvador. O documento foi divulgado, ap\u00f3s serem notificados tr\u00eas casos do tipo entre os dias 10 a 13 de janeiro ao N\u00facleos de Epidemiologia das Unidades de Pronto Atendimento (NEPAS).&nbsp;<\/p>\n\n\n\n<p>Os casos correspondem\u00a0 a duas pessoas do sexo masculino e um do sexo feminino que tiveram les\u00f5es e prurido intenso entre os sintomas. Em outro caso, foi constatado febre e tosse nos sintomas. As pessoas diagnosticadas nestes casos possuem idades de 22, 37 e 64 anos.\u00a0<\/p>\n\n\n\n<p>A doen\u00e7a come\u00e7ou a ser descrito em estudos cient\u00edficos no Brasil, a partir de 2001, no litoral Sudeste do Brasil, quando foi associada \u00e0s larvas de Linuche unguiculata (\u00e1gua-viva), sendo denominado de \u201cPrurido do traje de banho ou Piolho-do-mar\u201d.&nbsp;<\/p>\n\n\n\n<p>A enfermidade \u00e9 definida como dermatite intensamente pruriginosa que ocorre pelo contato com larvas de \u00e1gua-viva, principalmente sob os trajes de banhistas, causando erup\u00e7\u00e3o p\u00e1pulo-eritemato-pruriginosa. A dermatite apresenta resolu\u00e7\u00e3o espont\u00e2nea em uma ou duas semanas.<\/p>\n\n\n\n<p>Segundo o comunicado da SMS, \u201cmesmo n\u00e3o sendo identificado e\/ou confirmada a presen\u00e7a desse tipo de \u201c\u00e1gua-viva\u201d nas praias de Salvador, a ocorr\u00eancia de manifesta\u00e7\u00f5es cut\u00e2neas associada a frequ\u00eancia de banho de mar num curto espa\u00e7o de tempo devem ser observadas e notificadas pelos servi\u00e7os de sa\u00fade\u201d.\u00a0<\/p>\n\n\n\n<p>O alerta da pasta diz ainda que os sintomas e as manifesta\u00e7\u00f5es cl\u00ednicas \u201cs\u00e3o t\u00edpicas, evidenciando-se a presen\u00e7a de uma \u201crash\u201d e erup\u00e7\u00e3o p\u00e1pulo-eritematosa e pruriginosa, semelhante \u00e0 picada de insetos que aparece no momento do banho de mar, com aumento progressivo da intensidade do prurido, especialmente em \u00e1reas cobertas por trajes de banho\u201d.\u00a0<\/p>\n\n\n\n<p>Entre os sintomas da doen\u00e7a est\u00e3o febre, calafrios, n\u00e1useas, v\u00f4mitos, cefaleia, dor, abdominal e diarreia, principalmente em crian\u00e7as. A anafilaxia \u00e9 a forma mais grave de rea\u00e7\u00e3o al\u00e9rgica e requer cuidados imediatos.<\/p>\n\n\n\n<p>O documento diz tamb\u00e9m que \u201cindiv\u00edduo que apresentar les\u00f5es cut\u00e2neas t\u00edpica erup\u00e7\u00e3o p\u00e1pulo-eritemato-pruriginosa, 24 horas ap\u00f3s banho de mar, sem explica\u00e7\u00e3o de nenhuma outra causa\u201d, pode ser diagnosticado com a doen\u00e7a.\u00a0<\/p>\n\n\n\n<p>Fonte: Bahia Not\u00edcias<\/p>\n","protected":false},"excerpt":{"rendered":"<p>A Secretaria Municipal de Sa\u00fade (SMS) emitiu alerta sobre a ocorr\u00eancia de rea\u00e7\u00f5es al\u00e9rgicas e les\u00f5es de pele cut\u00e2neas ap\u00f3s o banho de mar em Salvador. O documento foi divulgado, ap\u00f3s serem notificados tr\u00eas casos do tipo entre os dias 10 a 13 de janeiro ao N\u00facleos de Epidemiologia das Unidades de Pronto Atendimento (NEPAS).&nbsp; [&hellip;]<\/p>\n","protected":false},"author":2,"featured_media":7028,"comment_status":"open","ping_status":"open","sticky":false,"template":"","format":"standard","meta":{"footnotes":""},"categories":[94],"tags":[],"class_list":["post-7027","post","type-post","status-publish","format-standard","has-post-thumbnail","hentry","category-saude-2"],"_links":{"self":[{"href":"https:\/\/diabahia.com.br\/index.php\/wp-json\/wp\/v2\/posts\/7027","targetHints":{"allow":["GET"]}}],"collection":[{"href":"https:\/\/diabahia.com.br\/index.php\/wp-json\/wp\/v2\/posts"}],"about":[{"href":"https:\/\/diabahia.com.br\/index.php\/wp-json\/wp\/v2\/types\/post"}],"author":[{"embeddable":true,"href":"https:\/\/diabahia.com.br\/index.php\/wp-json\/wp\/v2\/users\/2"}],"replies":[{"embeddable":true,"href":"https:\/\/diabahia.com.br\/index.php\/wp-json\/wp\/v2\/comments?post=7027"}],"version-history":[{"count":0,"href":"https:\/\/diabahia.com.br\/index.php\/wp-json\/wp\/v2\/posts\/7027\/revisions"}],"wp:featuredmedia":[{"embeddable":true,"href":"https:\/\/diabahia.com.br\/index.php\/wp-json\/wp\/v2\/media\/7028"}],"wp:attachment":[{"href":"https:\/\/diabahia.com.br\/index.php\/wp-json\/wp\/v2\/media?parent=7027"}],"wp:term":[{"taxonomy":"category","embeddable":true,"href":"https:\/\/diabahia.com.br\/index.php\/wp-json\/wp\/v2\/categories?post=7027"},{"taxonomy":"post_tag","embeddable":true,"href":"https:\/\/diabahia.com.br\/index.php\/wp-json\/wp\/v2\/tags?post=7027"}],"curies":[{"name":"wp","href":"https:\/\/api.w.org\/{rel}","templated":true}]}}