{"id":7015,"date":"2024-01-17T15:11:11","date_gmt":"2024-01-17T18:11:11","guid":{"rendered":"https:\/\/diabahia.com.br\/?p=7015"},"modified":"2024-01-17T15:11:13","modified_gmt":"2024-01-17T18:11:13","slug":"prazo-para-efetivacao-da-matricula-descentralizada-na-rede-municipal-termina-na-proxima-sexta-feira","status":"publish","type":"post","link":"https:\/\/diabahia.com.br\/index.php\/2024\/01\/17\/prazo-para-efetivacao-da-matricula-descentralizada-na-rede-municipal-termina-na-proxima-sexta-feira\/","title":{"rendered":"Prazo para efetiva\u00e7\u00e3o da matr\u00edcula descentralizada na rede municipal termina na pr\u00f3xima sexta-feira"},"content":{"rendered":"\n<p>O prefeito Bruno Reis (Uni\u00e3o) parece, cada vez menos, dividir holofotes com o ex-prefeito e padrinho pol\u00edtico, ACM Neto (Uni\u00e3o), e isso ficou evidente durante a Lavagem do Bonfim, no bairro da Ribeira, na \u00faltima quinta-feira (11). O evento, que al\u00e9m da import\u00e2ncia religiosa para Salvador tamb\u00e9m carrega consigo um \u2018term\u00f4metro pol\u00edtico\u2019, mostrou um Bruno Reis ofuscando Neto, ao contr\u00e1rio do que alguns imaginavam.<\/p>\n\n\n\n<p>Na avalia\u00e7\u00e3o do pr\u00f3prio prefeito durante o podcast Projeto Prisma, do Bahia Not\u00edcias, nesta quarta-feira (17), \u00e9 natural do processo pol\u00edtico que isso ocorra, j\u00e1 que a tend\u00eancia \u00e9 que ele lance sua candidatura \u00e0 reelei\u00e7\u00e3o. \u201c\u00c9 \u00f3bvio que na Lavagem do Bonfim eu apareci mais que Neto, porque a tend\u00eancia \u00e9 eu seja o candidato agora. Como em 2022, enquanto candidato a governador, era ele que tinha o protagonismo. Isso \u00e9 natural do momento e do processo pol\u00edtico\u201d, afirmou o chefe do executivo soteropolitano.<\/p>\n\n\n\n<p>A rela\u00e7\u00e3o entre Bruno Reis e Neto \u00e9 extensa. Ele come\u00e7ou efetivamente na pol\u00edtica como assessor do ex-prefeito, quando Neto se elegeu como deputado federal em 2002 e, anos depois, se elegeu vice-prefeito em 2016, na reelei\u00e7\u00e3o de ACM Neto. Hoje \u00e0 frente do pal\u00e1cio Thom\u00e9 de Souza, ainda durante a entrevista, Bruno despistou que haja rivalidade ou alguma esp\u00e9cie de competi\u00e7\u00e3o entre ele e Neto, afirmando que ambos ficam felizes com o sucesso um do outro por terem uma rela\u00e7\u00e3o de amizade.<\/p>\n\n\n\n<p>\u201cEu sou aquele amigo que fico feliz com o sucesso dele, e ele feliz com o meu sucesso. Quanto mais sucesso n\u00f3s fizermos, melhor para as oposi\u00e7\u00f5es da Bahia, para Salvador [&#8230;]. Essa \u00e9 minha l\u00f3gica. \u00d3bvio que eu tenho uma rela\u00e7\u00e3o de amizade com Neto. Ele \u00e9 padrinho do meu filho mais novo, Breno, e somos amigos h\u00e1 25 anos\u201d, declarou Bruno Reis.<\/p>\n\n\n\n<p>Fonte: Bahia Not\u00edcias <\/p>\n","protected":false},"excerpt":{"rendered":"<p>O prefeito Bruno Reis (Uni\u00e3o) parece, cada vez menos, dividir holofotes com o ex-prefeito e padrinho pol\u00edtico, ACM Neto (Uni\u00e3o), e isso ficou evidente durante a Lavagem do Bonfim, no bairro da Ribeira, na \u00faltima quinta-feira (11). O evento, que al\u00e9m da import\u00e2ncia religiosa para Salvador tamb\u00e9m carrega consigo um \u2018term\u00f4metro pol\u00edtico\u2019, mostrou um Bruno [&hellip;]<\/p>\n","protected":false},"author":2,"featured_media":7016,"comment_status":"open","ping_status":"open","sticky":false,"template":"","format":"standard","meta":{"footnotes":""},"categories":[91],"tags":[],"class_list":["post-7015","post","type-post","status-publish","format-standard","has-post-thumbnail","hentry","category-politica"],"_links":{"self":[{"href":"https:\/\/diabahia.com.br\/index.php\/wp-json\/wp\/v2\/posts\/7015","targetHints":{"allow":["GET"]}}],"collection":[{"href":"https:\/\/diabahia.com.br\/index.php\/wp-json\/wp\/v2\/posts"}],"about":[{"href":"https:\/\/diabahia.com.br\/index.php\/wp-json\/wp\/v2\/types\/post"}],"author":[{"embeddable":true,"href":"https:\/\/diabahia.com.br\/index.php\/wp-json\/wp\/v2\/users\/2"}],"replies":[{"embeddable":true,"href":"https:\/\/diabahia.com.br\/index.php\/wp-json\/wp\/v2\/comments?post=7015"}],"version-history":[{"count":0,"href":"https:\/\/diabahia.com.br\/index.php\/wp-json\/wp\/v2\/posts\/7015\/revisions"}],"wp:featuredmedia":[{"embeddable":true,"href":"https:\/\/diabahia.com.br\/index.php\/wp-json\/wp\/v2\/media\/7016"}],"wp:attachment":[{"href":"https:\/\/diabahia.com.br\/index.php\/wp-json\/wp\/v2\/media?parent=7015"}],"wp:term":[{"taxonomy":"category","embeddable":true,"href":"https:\/\/diabahia.com.br\/index.php\/wp-json\/wp\/v2\/categories?post=7015"},{"taxonomy":"post_tag","embeddable":true,"href":"https:\/\/diabahia.com.br\/index.php\/wp-json\/wp\/v2\/tags?post=7015"}],"curies":[{"name":"wp","href":"https:\/\/api.w.org\/{rel}","templated":true}]}}