{"id":6997,"date":"2024-01-17T11:56:12","date_gmt":"2024-01-17T14:56:12","guid":{"rendered":"https:\/\/diabahia.com.br\/?p=6997"},"modified":"2024-01-17T11:56:14","modified_gmt":"2024-01-17T14:56:14","slug":"camara-gasta-r-100-mil-com-caravana-bolsonarista-a-pais-autoritario-diz-colunista","status":"publish","type":"post","link":"https:\/\/diabahia.com.br\/index.php\/2024\/01\/17\/camara-gasta-r-100-mil-com-caravana-bolsonarista-a-pais-autoritario-diz-colunista\/","title":{"rendered":"C\u00e2mara gasta R$ 100 mil com caravana bolsonarista a pa\u00eds autorit\u00e1rio, diz colunista"},"content":{"rendered":"\n<p>A C\u00e2mara dos Deputados desembolsou quase R$ 100 mil para custear a viagem de um grupo de parlamentares bolsonaristas a El Salvador, pa\u00eds da Am\u00e9rica Central que vive em estado de exce\u00e7\u00e3o.<\/p>\n\n\n\n<p>Liderada pelo deputado Eduardo Bolsonaro (PL-SP), a caravana bolsonarista aconteceu entre 11 e 16 de dezembro e custou R$ 96,2 mil aos cofres da Casa, incluindo di\u00e1rias e passagens a\u00e9reas com pre\u00e7o estimado em R$ 10 mil cada. O levantamento das informa\u00e7\u00f5es foi feito pelo\u00a0Metr\u00f3poles. <\/p>\n\n\n\n<p>Al\u00e9m de Eduardo, outros quatro deputados tiveram a viagem bancada pela C\u00e2mara. S\u00e3o eles: Delegada Ione (Avante-MG), Coronel Assis (Uni\u00e3o-MT), Capit\u00e3o Alden (PL-BA) e Sanderson (PL-RS).<\/p>\n\n\n\n<p>A viagem foi autorizada pela Mesa Diretora da C\u00e2mara, sob o argumento de que os parlamentares, que comp\u00f5em a Comiss\u00e3o de Seguran\u00e7a P\u00fablica da Casa, iriam conhecer as pol\u00edticas adotadas por El Salvador nesse \u00e2mbito.<\/p>\n\n\n\n<p>\u201cUma experi\u00eancia \u00fanica: vivenciar de perto a realidade de El Salvador no que tange \u00e0 Seguran\u00e7a P\u00fablica, para pensar em solu\u00e7\u00f5es com o objetivo de melhorar os revoltantes \u00edndices de viol\u00eancia no Brasil, trazer esse conhecimento para o nosso pa\u00eds e pensar pol\u00edticas p\u00fablicas que possam ser verdadeiramente efetivas\u201d, escreveu a Delegada Ione em seu relat\u00f3rio.<\/p>\n\n\n\n<p>Os deputados Osmar Terra (MDB-RS) e Alexandre Ramagem (PL-RJ) tamb\u00e9m estiveram em El Salvador. Entretanto, at\u00e9 o momento, n\u00e3o registraram os custos na lista de viagens oficiais da C\u00e2mara.<\/p>\n\n\n\n<p>Eleito em 2019, o atual presidente de El Salvador, Nayib Bukele, que \u00e9 de extrema direita, decretou \u201cestado de exce\u00e7\u00e3o\u201d em 2022. Desde ent\u00e3o, ele renovou o decreto por mais 11 vezes.<\/p>\n\n\n\n<p>Em sua cruzada contra a criminalidade, Nayib substituiu os ju\u00edzes da Suprema Corte e destituiu o procurador-geral do pa\u00eds caribenho. Al\u00e9m disso, mandou prender mais de 70 mil pessoas suspeitas de filia\u00e7\u00e3o a gangues.<\/p>\n\n\n\n<p>Fonte: Bahia Not\u00edcias <\/p>\n","protected":false},"excerpt":{"rendered":"<p>A C\u00e2mara dos Deputados desembolsou quase R$ 100 mil para custear a viagem de um grupo de parlamentares bolsonaristas a El Salvador, pa\u00eds da Am\u00e9rica Central que vive em estado de exce\u00e7\u00e3o. Liderada pelo deputado Eduardo Bolsonaro (PL-SP), a caravana bolsonarista aconteceu entre 11 e 16 de dezembro e custou R$ 96,2 mil aos cofres [&hellip;]<\/p>\n","protected":false},"author":2,"featured_media":6998,"comment_status":"open","ping_status":"open","sticky":false,"template":"","format":"standard","meta":{"footnotes":""},"categories":[91],"tags":[],"class_list":["post-6997","post","type-post","status-publish","format-standard","has-post-thumbnail","hentry","category-politica"],"_links":{"self":[{"href":"https:\/\/diabahia.com.br\/index.php\/wp-json\/wp\/v2\/posts\/6997","targetHints":{"allow":["GET"]}}],"collection":[{"href":"https:\/\/diabahia.com.br\/index.php\/wp-json\/wp\/v2\/posts"}],"about":[{"href":"https:\/\/diabahia.com.br\/index.php\/wp-json\/wp\/v2\/types\/post"}],"author":[{"embeddable":true,"href":"https:\/\/diabahia.com.br\/index.php\/wp-json\/wp\/v2\/users\/2"}],"replies":[{"embeddable":true,"href":"https:\/\/diabahia.com.br\/index.php\/wp-json\/wp\/v2\/comments?post=6997"}],"version-history":[{"count":0,"href":"https:\/\/diabahia.com.br\/index.php\/wp-json\/wp\/v2\/posts\/6997\/revisions"}],"wp:featuredmedia":[{"embeddable":true,"href":"https:\/\/diabahia.com.br\/index.php\/wp-json\/wp\/v2\/media\/6998"}],"wp:attachment":[{"href":"https:\/\/diabahia.com.br\/index.php\/wp-json\/wp\/v2\/media?parent=6997"}],"wp:term":[{"taxonomy":"category","embeddable":true,"href":"https:\/\/diabahia.com.br\/index.php\/wp-json\/wp\/v2\/categories?post=6997"},{"taxonomy":"post_tag","embeddable":true,"href":"https:\/\/diabahia.com.br\/index.php\/wp-json\/wp\/v2\/tags?post=6997"}],"curies":[{"name":"wp","href":"https:\/\/api.w.org\/{rel}","templated":true}]}}