{"id":6895,"date":"2024-01-15T10:31:56","date_gmt":"2024-01-15T13:31:56","guid":{"rendered":"https:\/\/diabahia.com.br\/?p=6895"},"modified":"2024-01-15T10:31:58","modified_gmt":"2024-01-15T13:31:58","slug":"suspeito-de-abusar-criancas-sexualmente-em-piscina-de-condominio-na-bahia-e-solto","status":"publish","type":"post","link":"https:\/\/diabahia.com.br\/index.php\/2024\/01\/15\/suspeito-de-abusar-criancas-sexualmente-em-piscina-de-condominio-na-bahia-e-solto\/","title":{"rendered":"Suspeito de abusar crian\u00e7as sexualmente em piscina de condom\u00ednio na Bahia \u00e9 solto"},"content":{"rendered":"\n<p>O homem de 57 anos que foi preso em flagrante na \u00fatima sexta-feira (12), sob acusa\u00e7\u00e3o de estupro de vulner\u00e1vel ap\u00f3s ser flagrado agredindo sexualmente duas crian\u00e7as, entre 7 e 9 anos, em um condom\u00ednio em Cama\u00e7ari, na regi\u00e3o Metropolitana de Salvador, foi liberado ap\u00f3s audi\u00eancia de cust\u00f3dia, no s\u00e1bado (13).<\/p>\n\n\n\n<p>Por causa do sigilo exigido pelo Estatuto da Crian\u00e7a e do Adolescente, a Pol\u00edcia Civil n\u00e3o forneceu detalhes do caso, informou apenas que o homem &#8220;teria tocado duas crian\u00e7as na piscina de um condom\u00ednio&#8221;.<\/p>\n\n\n\n<p>Para o G1, a m\u00e3e de uma das v\u00edtimas, que prefere n\u00e3o ser identificada, afirmou que o suspeito n\u00e3o mora no condom\u00ednio, mas \u00e9 pai de um morador e estava no local como visitante.<\/p>\n\n\n\n<p>Ela contou que a filha de 7 anos estava na piscina, na companhia de uma amiga de 9 anos. As duas eram supervisionadas pelo pai da mais velha. Em determinado momento, um homem teria se aproximado delas.<\/p>\n\n\n\n<p>A mais velha relatou que ele a tocou nas partes \u00edntimas, por tr\u00e1s, dentro da \u00e1gua. Ele tamb\u00e9m teria carregado no colo a menor e foi nesse momento que a confus\u00e3o come\u00e7ou.<\/p>\n\n\n\n<p>Instru\u00edda anteriormente pelos pais a identificar situa\u00e7\u00f5es de abuso, a menina teria tentado se livrar dos bra\u00e7os do suspeito e come\u00e7ado a gritar, chamando a aten\u00e7\u00e3o das pessoas que estavam no local. Com ajuda da amiga, ela teria conseguido se desvencilhar, e correu em seguida.<\/p>\n\n\n\n<p>O pai da amiga, que a as acompanhava, seguiu atr\u00e1s. &#8220;Ele percebeu que minha filha saiu correndo. Ela foi para o parquinho e come\u00e7ou a chorar. O pai da amiguinha foi perguntar o motivo, e a\u00ed ela contou: &#8216;aquele senhor abusou de mim na piscina'&#8221;.<\/p>\n\n\n\n<p>&#8220;Quando eu coloco ela para dormir, coloco dois dedos na testa dela e fico alisando. Ela falou assim para mim: &#8216;Mam\u00e3e, sabe aquele carinho que a gente faz com dois dedos?&#8217; Ele fez igual, mas na minha parte \u00edntima. Eu estava no colo dele, mas estava tentando me sair dele e ele tentava colocar a m\u00e3o por dentro do meu biqu\u00edni&#8221;, revelou a m\u00e3e da menina .<\/p>\n\n\n\n<p>A m\u00e3e da crian\u00e7a afirmou que a situa\u00e7\u00e3o foi registrada por c\u00e2meras de seguran\u00e7a e as imagens foram entregues na delegacia. A reportagem tentou ter acesso aos v\u00eddeos, que n\u00e3o foram liberados pelo s\u00edndico do condom\u00ednio para n\u00e3o expor outros moradores que estavam no local no momento da confus\u00e3o, incluindo crian\u00e7as.<\/p>\n\n\n\n<p>O caso foi registrado na sexta-feira (12) como estupro de vulner\u00e1vel na 23\u00aa Delegacia Territorial (DT) de Lauro de Freitas, tamb\u00e9m na RMS. O homem foi conduzido por agentes da 59\u00aa Companhia Independente da Pol\u00edcia Militar. Ele n\u00e3o teve nome divulgado.<\/p>\n\n\n\n<p>Fonte: Bahia Not\u00edcias <\/p>\n","protected":false},"excerpt":{"rendered":"<p>O homem de 57 anos que foi preso em flagrante na \u00fatima sexta-feira (12), sob acusa\u00e7\u00e3o de estupro de vulner\u00e1vel ap\u00f3s ser flagrado agredindo sexualmente duas crian\u00e7as, entre 7 e 9 anos, em um condom\u00ednio em Cama\u00e7ari, na regi\u00e3o Metropolitana de Salvador, foi liberado ap\u00f3s audi\u00eancia de cust\u00f3dia, no s\u00e1bado (13). Por causa do sigilo [&hellip;]<\/p>\n","protected":false},"author":2,"featured_media":6896,"comment_status":"open","ping_status":"open","sticky":false,"template":"","format":"standard","meta":{"footnotes":""},"categories":[105],"tags":[],"class_list":["post-6895","post","type-post","status-publish","format-standard","has-post-thumbnail","hentry","category-policia"],"_links":{"self":[{"href":"https:\/\/diabahia.com.br\/index.php\/wp-json\/wp\/v2\/posts\/6895","targetHints":{"allow":["GET"]}}],"collection":[{"href":"https:\/\/diabahia.com.br\/index.php\/wp-json\/wp\/v2\/posts"}],"about":[{"href":"https:\/\/diabahia.com.br\/index.php\/wp-json\/wp\/v2\/types\/post"}],"author":[{"embeddable":true,"href":"https:\/\/diabahia.com.br\/index.php\/wp-json\/wp\/v2\/users\/2"}],"replies":[{"embeddable":true,"href":"https:\/\/diabahia.com.br\/index.php\/wp-json\/wp\/v2\/comments?post=6895"}],"version-history":[{"count":0,"href":"https:\/\/diabahia.com.br\/index.php\/wp-json\/wp\/v2\/posts\/6895\/revisions"}],"wp:featuredmedia":[{"embeddable":true,"href":"https:\/\/diabahia.com.br\/index.php\/wp-json\/wp\/v2\/media\/6896"}],"wp:attachment":[{"href":"https:\/\/diabahia.com.br\/index.php\/wp-json\/wp\/v2\/media?parent=6895"}],"wp:term":[{"taxonomy":"category","embeddable":true,"href":"https:\/\/diabahia.com.br\/index.php\/wp-json\/wp\/v2\/categories?post=6895"},{"taxonomy":"post_tag","embeddable":true,"href":"https:\/\/diabahia.com.br\/index.php\/wp-json\/wp\/v2\/tags?post=6895"}],"curies":[{"name":"wp","href":"https:\/\/api.w.org\/{rel}","templated":true}]}}