{"id":6655,"date":"2023-12-21T09:42:56","date_gmt":"2023-12-21T12:42:56","guid":{"rendered":"https:\/\/diabahia.com.br\/?p=6655"},"modified":"2023-12-21T09:42:57","modified_gmt":"2023-12-21T12:42:57","slug":"justica-condena-7-traficantes-por-tortura-de-morador-para-assumir-crime-em-belford-roxo","status":"publish","type":"post","link":"https:\/\/diabahia.com.br\/index.php\/2023\/12\/21\/justica-condena-7-traficantes-por-tortura-de-morador-para-assumir-crime-em-belford-roxo\/","title":{"rendered":"Justi\u00e7a condena 7 traficantes por tortura de morador para assumir crime em Belford Roxo"},"content":{"rendered":"\n<p>A Justi\u00e7a condenou sete traficantes por tortura a um morador da comunidade Castelar, em Belford Roxo, na Baixada Fluminense para que ele assumisse a culpa pelo desaparecimento dos meninos Lucas Matheus da Silva, de 8 anos, Alexandre da Silva, de 10, e Fernando Henrique Ribeiro Soares, de 11, na localidade. O caso ocorreu em dezembro de 2020, e os corpos das crian\u00e7as continuam desaparecidos.<br \/><br \/>Submetido a uma esp\u00e9cie de \u201ctribunal do crime\u201d, Leandro Coutinho da Silva foi violentamente espancado pelos traficantes para que assumisse a autoria dos crimes.<\/p>\n\n\n\n<p>Na senten\u00e7a que condenou os autores do crime, o ju\u00edzo da 1\u00aa Vara Criminal de Belford Roxo detalha as torturas e as suas consequ\u00eancias para a v\u00edtima e a sua fam\u00edlia. Como forma de intimida\u00e7\u00e3o a outros moradores e demonstra\u00e7\u00e3o da crueldade praticada contra as suas v\u00edtimas, os traficantes postaram a tortura em rede social.<\/p>\n\n\n\n<p>\u201cN\u00e3o h\u00e1 d\u00favidas que a tortura praticada deixou consequ\u00eancias graves e que v\u00e3o ser levadas por Leandro por toda sua vida. As marcas das agress\u00f5es que possui em seu corpo se somam \u00e0s consequ\u00eancias psicol\u00f3gicas grav\u00edssimas que a viol\u00eancia gratuita e desmedida provocou&#8221;, destaca o texto, ao acrescentar que Leandro e a fam\u00edlia dele tiveram de deixar para tr\u00e1s a casa onde moravam e seus bens, pois temiam por suas vidas.<\/p>\n\n\n\n<p>&#8220;Assim, al\u00e9m das consequ\u00eancias f\u00edsicas e psicol\u00f3gicas, n\u00e3o h\u00e1 d\u00favidas que Leandro sofreu intenso abalo patrimonial em raz\u00e3o da conduta dos seus torturadores e comparsas, todos vinculados \u00e0 fac\u00e7\u00e3o criminosa de acentuada periculosidade. Ali\u00e1s, deve ser considerado o fato de que Leandro foi fotografado quando se encontrava extremamente debilitado por conta das agress\u00f5es e teve sua imagem exposta em redes sociais com a informa\u00e7\u00e3o de que seria ele o respons\u00e1vel pelo sumi\u00e7o dos tr\u00eas meninos. A postagem, al\u00e9m de tentar imputar a Leandro o desaparecimento das crian\u00e7as, tem claro prop\u00f3sito de promover os atos do grupo e demonstrar como que o grupo costuma aplicar a &#8220;corre\u00e7\u00e3o&#8221; ou &#8220;disciplina&#8221; a quem age em desacordo com as regras estipuladas pela organiza\u00e7\u00e3o\u201d, aponta&nbsp;a senten\u00e7a.<\/p>\n\n\n\n<p>Leandro passou horas sob dom\u00ednio dos traficantes, em um local ermo da comunidade. Para se livrar, disse que iria assumir o desaparecimento das crian\u00e7as se fosse preso. Convocado pelos criminosos, um grupo levou Leandro \u00e0 delegacia, amarrado e com um cartaz pendurado no pesco\u00e7o, onde se lia que ele seria o respons\u00e1vel pelo desaparecimento das crian\u00e7as.<\/p>\n\n\n\n<p>Fonte: Jornal Correio<\/p>\n","protected":false},"excerpt":{"rendered":"<p>A Justi\u00e7a condenou sete traficantes por tortura a um morador da comunidade Castelar, em Belford Roxo, na Baixada Fluminense para que ele assumisse a culpa pelo desaparecimento dos meninos Lucas Matheus da Silva, de 8 anos, Alexandre da Silva, de 10, e Fernando Henrique Ribeiro Soares, de 11, na localidade. O caso ocorreu em dezembro [&hellip;]<\/p>\n","protected":false},"author":2,"featured_media":6654,"comment_status":"open","ping_status":"open","sticky":true,"template":"","format":"standard","meta":{"footnotes":""},"categories":[107],"tags":[],"class_list":["post-6655","post","type-post","status-publish","format-standard","has-post-thumbnail","hentry","category-justica"],"_links":{"self":[{"href":"https:\/\/diabahia.com.br\/index.php\/wp-json\/wp\/v2\/posts\/6655","targetHints":{"allow":["GET"]}}],"collection":[{"href":"https:\/\/diabahia.com.br\/index.php\/wp-json\/wp\/v2\/posts"}],"about":[{"href":"https:\/\/diabahia.com.br\/index.php\/wp-json\/wp\/v2\/types\/post"}],"author":[{"embeddable":true,"href":"https:\/\/diabahia.com.br\/index.php\/wp-json\/wp\/v2\/users\/2"}],"replies":[{"embeddable":true,"href":"https:\/\/diabahia.com.br\/index.php\/wp-json\/wp\/v2\/comments?post=6655"}],"version-history":[{"count":0,"href":"https:\/\/diabahia.com.br\/index.php\/wp-json\/wp\/v2\/posts\/6655\/revisions"}],"wp:featuredmedia":[{"embeddable":true,"href":"https:\/\/diabahia.com.br\/index.php\/wp-json\/wp\/v2\/media\/6654"}],"wp:attachment":[{"href":"https:\/\/diabahia.com.br\/index.php\/wp-json\/wp\/v2\/media?parent=6655"}],"wp:term":[{"taxonomy":"category","embeddable":true,"href":"https:\/\/diabahia.com.br\/index.php\/wp-json\/wp\/v2\/categories?post=6655"},{"taxonomy":"post_tag","embeddable":true,"href":"https:\/\/diabahia.com.br\/index.php\/wp-json\/wp\/v2\/tags?post=6655"}],"curies":[{"name":"wp","href":"https:\/\/api.w.org\/{rel}","templated":true}]}}