{"id":6648,"date":"2023-12-20T14:55:09","date_gmt":"2023-12-20T17:55:09","guid":{"rendered":"https:\/\/diabahia.com.br\/?p=6648"},"modified":"2023-12-20T14:55:11","modified_gmt":"2023-12-20T17:55:11","slug":"jeronimo-desconversa-apos-bruno-afirmar-que-regulacao-so-nao-esta-pior-por-causa-das-upas","status":"publish","type":"post","link":"https:\/\/diabahia.com.br\/index.php\/2023\/12\/20\/jeronimo-desconversa-apos-bruno-afirmar-que-regulacao-so-nao-esta-pior-por-causa-das-upas\/","title":{"rendered":"Jer\u00f4nimo desconversa ap\u00f3s Bruno afirmar que regula\u00e7\u00e3o s\u00f3 n\u00e3o est\u00e1 pior por causa das UPAs"},"content":{"rendered":"\n<p>O governador Jer\u00f4nimo Rodrigues (PT) desconversou acerca da declara\u00e7\u00e3o do prefeito Bruno Reis (Uni\u00e3o Brasil) de que o gargalo da fila de regula\u00e7\u00e3o na capital s\u00f3 n\u00e3o \u00e9 mais grave por causa das unidades de sa\u00fade constru\u00eddas pelo munic\u00edpio.<\/p>\n\n\n\n<p>A rea\u00e7\u00e3o de Reis ocorreu ap\u00f3s o petista criticar prefeituras do interior e responsabiliz\u00e1-las por n\u00e3o fazerem o \u201cdever de casa\u201d no \u00e2mbito da aten\u00e7\u00e3o b\u00e1sica.<\/p>\n\n\n\n<p>Jer\u00f4nimo, por\u00e9m, n\u00e3o citou a capital baiana \u2014onde, at\u00e9 a manh\u00e3 de hoje, havia\u00a0343 pessoas \u00e0 espera de transfer\u00eancia assistidas nas dez UPAs geridas pela gest\u00e3o municipal,\u00a0segundo o pr\u00f3prio prefeito.<\/p>\n\n\n\n<p>Questionado pelo\u00a0bahia.ba\u00a0sobre a fala de Reis, Jer\u00f4nimo tergiversou. \u201cQuantas UPAs existem em Salvador?\u201d, iniciou ele, sem mencionar o quantitativo das unidades em opera\u00e7\u00e3o.<\/p>\n\n\n\n<p>\u201cQuantas maternidades existem em Salvador? Saiba quantas s\u00e3o? Nenhuma. Salvador n\u00e3o tem maternidade municipal. Esses n\u00fameros, eu n\u00e3o concordo. N\u00e3o concordo por ser de partidos opostos, n\u00e3o\u201d, prosseguiu. <\/p>\n\n\n\n<p>O governador tamb\u00e9m afirmou que Salvador est\u00e1 entre os munic\u00edpios que t\u00eam a menor cobertura b\u00e1sica do pa\u00eds \u2014mas novamente sem apresentar dados. \u201c\u00c9 olhar os n\u00fameros. Eu n\u00e3o vou ficar dialogando e debatendo em cima de palavras. Olhe os n\u00fameros. S\u00f3 aponte qual a maternidade municipal que n\u00f3s temos em Salvador\u201d, esquivou-se Jer\u00f4nimo.<\/p>\n\n\n\n<p>De acordo com\u00a0 Bruno Reis, n\u00e3o fossem os hospitais municipais e as UPAs, o cen\u00e1rio seria ainda mais grave.\u00a0\u201cSe hoje os hospitais do Estado n\u00e3o est\u00e3o abarrotados de pessoas e nos corredores aguardando, como era comum no passado, no HGE, no [Hospital] Roberto Santos, as pessoas nas macas, do lado de fora do hospital, aguardando\u2026 Por que isso n\u00e3o est\u00e1 acontecendo mais? Porque as pessoas est\u00e3o nas nossas UPAs. Salvador tinha apenas uma UPA. Agora, tem dez. Sem se falar que Salvador n\u00e3o tinha o Hospital Municipal. Estamos indo pro terceiro\u201d, declarou o prefeito.<\/p>\n\n\n\n<p>Fonte: Bahia.Ba <\/p>\n","protected":false},"excerpt":{"rendered":"<p>O governador Jer\u00f4nimo Rodrigues (PT) desconversou acerca da declara\u00e7\u00e3o do prefeito Bruno Reis (Uni\u00e3o Brasil) de que o gargalo da fila de regula\u00e7\u00e3o na capital s\u00f3 n\u00e3o \u00e9 mais grave por causa das unidades de sa\u00fade constru\u00eddas pelo munic\u00edpio. A rea\u00e7\u00e3o de Reis ocorreu ap\u00f3s o petista criticar prefeituras do interior e responsabiliz\u00e1-las por n\u00e3o [&hellip;]<\/p>\n","protected":false},"author":2,"featured_media":6649,"comment_status":"open","ping_status":"open","sticky":false,"template":"","format":"standard","meta":{"footnotes":""},"categories":[91],"tags":[],"class_list":["post-6648","post","type-post","status-publish","format-standard","has-post-thumbnail","hentry","category-politica"],"_links":{"self":[{"href":"https:\/\/diabahia.com.br\/index.php\/wp-json\/wp\/v2\/posts\/6648","targetHints":{"allow":["GET"]}}],"collection":[{"href":"https:\/\/diabahia.com.br\/index.php\/wp-json\/wp\/v2\/posts"}],"about":[{"href":"https:\/\/diabahia.com.br\/index.php\/wp-json\/wp\/v2\/types\/post"}],"author":[{"embeddable":true,"href":"https:\/\/diabahia.com.br\/index.php\/wp-json\/wp\/v2\/users\/2"}],"replies":[{"embeddable":true,"href":"https:\/\/diabahia.com.br\/index.php\/wp-json\/wp\/v2\/comments?post=6648"}],"version-history":[{"count":0,"href":"https:\/\/diabahia.com.br\/index.php\/wp-json\/wp\/v2\/posts\/6648\/revisions"}],"wp:featuredmedia":[{"embeddable":true,"href":"https:\/\/diabahia.com.br\/index.php\/wp-json\/wp\/v2\/media\/6649"}],"wp:attachment":[{"href":"https:\/\/diabahia.com.br\/index.php\/wp-json\/wp\/v2\/media?parent=6648"}],"wp:term":[{"taxonomy":"category","embeddable":true,"href":"https:\/\/diabahia.com.br\/index.php\/wp-json\/wp\/v2\/categories?post=6648"},{"taxonomy":"post_tag","embeddable":true,"href":"https:\/\/diabahia.com.br\/index.php\/wp-json\/wp\/v2\/tags?post=6648"}],"curies":[{"name":"wp","href":"https:\/\/api.w.org\/{rel}","templated":true}]}}