{"id":6639,"date":"2023-12-20T14:13:22","date_gmt":"2023-12-20T17:13:22","guid":{"rendered":"https:\/\/diabahia.com.br\/?p=6639"},"modified":"2023-12-20T14:13:25","modified_gmt":"2023-12-20T17:13:25","slug":"uniao-tera-que-incluir-nome-social-em-cartoes-e-carteiras-digitais-de-vacinacao","status":"publish","type":"post","link":"https:\/\/diabahia.com.br\/index.php\/2023\/12\/20\/uniao-tera-que-incluir-nome-social-em-cartoes-e-carteiras-digitais-de-vacinacao\/","title":{"rendered":"Uni\u00e3o ter\u00e1 que incluir nome social em cart\u00f5es e carteiras digitais de vacina\u00e7\u00e3o"},"content":{"rendered":"\n<p>A Uni\u00e3o ter\u00e1 menos de 90 dias para incluir, nos novos cart\u00f5es e carteiras digitais de vacina\u00e7\u00e3o, o campo relacionado ao nome social de pessoas travestis, transexuais e trang\u00eaneras que dele se utilizem e assegurar o direito de retifica\u00e7\u00e3o de carteiras e\/ou comprovantes de vacina\u00e7\u00e3o no modelo atual, fornecendo novas carteiras\/novos comprovantes com o nome social. O prazo consta em determina\u00e7\u00e3o judicial que veio em resposta \u00e0 A\u00e7\u00e3o Civil P\u00fablica (ACP) ajuizada pela Defensoria P\u00fablica da Uni\u00e3o (DPU).<\/p>\n\n\n\n<p>Embora a Uni\u00e3o reconhe\u00e7a tal direito e venha atuando para garanti-lo, havendo inclusive regramento prevendo as provid\u00eancias necess\u00e1rias, j\u00e1 \u00e9 demasiada a demora para adequa\u00e7\u00e3o do documento.<\/p>\n\n\n\n<p>\u201cVeja-se que, ajuizada a demanda em 2021, a mora administrativa em adequar o documento objeto desta ACP mostrou-se desarrazoada, estendendo-se por dois anos, sem justificativa plaus\u00edvel para tanto. Mesmo antes do ajuizamento, em setembro de 2021, a DPU j\u00e1 buscava meios extrajudiciais de solu\u00e7\u00e3o do conflito, conforme RECOMENDA\u00c7\u00c3O N\u00ba 4708841 &#8211; DPU SP\/GABDPC SP\/1DRDH SP (Id 170843584), pelo que de rigor reconhecer-se a proced\u00eancia quanto a essa parte do pleito autoral\u201d, destacou o magistrado na senten\u00e7a.<\/p>\n\n\n\n<p><strong>Pedido<\/strong><\/p>\n\n\n\n<p>Em busca dos direitos das pessoas travestis, transexuais e transg\u00eaneras, em setembro de 2021, a DPU, por meio da Defensoria Regional de Direitos Humanos em S\u00e3o Paulo (DRDH\/SP), enviou recomenda\u00e7\u00e3o ao Minist\u00e9rio da Sa\u00fade e \u00e0 Secretaria de Sa\u00fade do Estado de S\u00e3o Paulo, solicitando que os \u00f3rg\u00e3os observassem o direito ao uso do nome social, conforme estabelecido pelo Decreto Presidencial n\u00ba 8.727, de 28 de abril de 2016, e pelo Decreto Estadual n\u00ba 55.588, de 17 de mar\u00e7o de 2010, determinando a imediata inclus\u00e3o de campo pr\u00f3prio para os cart\u00f5es digitais de vacina\u00e7\u00e3o do Conecte SUS e nos comprovantes de vacina\u00e7\u00e3o.<\/p>\n\n\n\n<p>Como n\u00e3o foi colocado \u00e0 disposi\u00e7\u00e3o da popula\u00e7\u00e3o o modelo de carteira de vacina\u00e7\u00e3o nos moldes descritos pela DPU, a institui\u00e7\u00e3o, no mesmo m\u00eas daquele ano, ajuizou a ACP. Agora, no dia 14 de dezembro de 2023, a 2\u00aa Vara C\u00edvel Federal de S\u00e3o Paulo emitiu a decis\u00e3o parcialmente favor\u00e1vel aos pedidos feitos na a\u00e7\u00e3o. Cabe recurso.<\/p>\n\n\n\n<p>Fonte: Tribuna da Bahia <\/p>\n","protected":false},"excerpt":{"rendered":"<p>A Uni\u00e3o ter\u00e1 menos de 90 dias para incluir, nos novos cart\u00f5es e carteiras digitais de vacina\u00e7\u00e3o, o campo relacionado ao nome social de pessoas travestis, transexuais e trang\u00eaneras que dele se utilizem e assegurar o direito de retifica\u00e7\u00e3o de carteiras e\/ou comprovantes de vacina\u00e7\u00e3o no modelo atual, fornecendo novas carteiras\/novos comprovantes com o nome [&hellip;]<\/p>\n","protected":false},"author":2,"featured_media":6640,"comment_status":"open","ping_status":"open","sticky":false,"template":"","format":"standard","meta":{"footnotes":""},"categories":[85],"tags":[],"class_list":["post-6639","post","type-post","status-publish","format-standard","has-post-thumbnail","hentry","category-noticias"],"_links":{"self":[{"href":"https:\/\/diabahia.com.br\/index.php\/wp-json\/wp\/v2\/posts\/6639","targetHints":{"allow":["GET"]}}],"collection":[{"href":"https:\/\/diabahia.com.br\/index.php\/wp-json\/wp\/v2\/posts"}],"about":[{"href":"https:\/\/diabahia.com.br\/index.php\/wp-json\/wp\/v2\/types\/post"}],"author":[{"embeddable":true,"href":"https:\/\/diabahia.com.br\/index.php\/wp-json\/wp\/v2\/users\/2"}],"replies":[{"embeddable":true,"href":"https:\/\/diabahia.com.br\/index.php\/wp-json\/wp\/v2\/comments?post=6639"}],"version-history":[{"count":0,"href":"https:\/\/diabahia.com.br\/index.php\/wp-json\/wp\/v2\/posts\/6639\/revisions"}],"wp:featuredmedia":[{"embeddable":true,"href":"https:\/\/diabahia.com.br\/index.php\/wp-json\/wp\/v2\/media\/6640"}],"wp:attachment":[{"href":"https:\/\/diabahia.com.br\/index.php\/wp-json\/wp\/v2\/media?parent=6639"}],"wp:term":[{"taxonomy":"category","embeddable":true,"href":"https:\/\/diabahia.com.br\/index.php\/wp-json\/wp\/v2\/categories?post=6639"},{"taxonomy":"post_tag","embeddable":true,"href":"https:\/\/diabahia.com.br\/index.php\/wp-json\/wp\/v2\/tags?post=6639"}],"curies":[{"name":"wp","href":"https:\/\/api.w.org\/{rel}","templated":true}]}}