{"id":6636,"date":"2023-12-20T13:47:38","date_gmt":"2023-12-20T16:47:38","guid":{"rendered":"https:\/\/diabahia.com.br\/?p=6636"},"modified":"2023-12-20T13:47:40","modified_gmt":"2023-12-20T16:47:40","slug":"bruno-reis-confirma-abertura-do-carnaval-com-ivete-sangalo-na-castro-alves","status":"publish","type":"post","link":"https:\/\/diabahia.com.br\/index.php\/2023\/12\/20\/bruno-reis-confirma-abertura-do-carnaval-com-ivete-sangalo-na-castro-alves\/","title":{"rendered":"Bruno Reis confirma abertura do Carnaval com Ivete Sangalo na Castro Alves"},"content":{"rendered":"\n<p>Pelo segundo ano consecutivo, Ivete Sangalo ir\u00e1 comandar a abertura do Carnaval de Salvador.&nbsp; A artista foi escolhida pela Prefeitura de Salvador para dar o pontap\u00e9 inicial da folia em 2024, no entanto, o endere\u00e7o ser\u00e1 diferente de 2023.<\/p>\n\n\n\n<p>De acordo com o prefeito Bruno Reis, em entrevista para a Record Bahia, a abertura do Carnaval ser\u00e1 realizada na Pra\u00e7a Castro Alves.<\/p>\n\n\n\n<p>A festa contar\u00e1 ainda com apresenta\u00e7\u00f5es de Carlinhos Brown, BaianaSystem e Il\u00ea Aiy\u00ea.<\/p>\n\n\n\n<p>Em abril deste ano, o diretor-presidente da Rede Bahia, Rog\u00e9rio Bruxellas, revelou ao Bahia Not\u00edcias que a\u00a0TV Globo faria transmiss\u00e3o nacional da abertura\u00a0oficial da festa pela segunda vez.<\/p>\n\n\n\n<p>&#8220;J\u00e1 podemos dizer que teremos uma exposi\u00e7\u00e3o importante para o Carnaval de 2024, em hor\u00e1rio nobre, \u00e0 noite, durante dois dias, com transmiss\u00e3o local, e confirmada a transmiss\u00e3o nacional da abertura&#8221;, anunciou o executivo.<\/p>\n\n\n\n<p>Fonte: Bahia Not\u00edcias <\/p>\n","protected":false},"excerpt":{"rendered":"<p>Pelo segundo ano consecutivo, Ivete Sangalo ir\u00e1 comandar a abertura do Carnaval de Salvador.&nbsp; A artista foi escolhida pela Prefeitura de Salvador para dar o pontap\u00e9 inicial da folia em 2024, no entanto, o endere\u00e7o ser\u00e1 diferente de 2023. De acordo com o prefeito Bruno Reis, em entrevista para a Record Bahia, a abertura do [&hellip;]<\/p>\n","protected":false},"author":2,"featured_media":6637,"comment_status":"open","ping_status":"open","sticky":false,"template":"","format":"standard","meta":{"footnotes":""},"categories":[93],"tags":[],"class_list":["post-6636","post","type-post","status-publish","format-standard","has-post-thumbnail","hentry","category-entretenimento"],"_links":{"self":[{"href":"https:\/\/diabahia.com.br\/index.php\/wp-json\/wp\/v2\/posts\/6636","targetHints":{"allow":["GET"]}}],"collection":[{"href":"https:\/\/diabahia.com.br\/index.php\/wp-json\/wp\/v2\/posts"}],"about":[{"href":"https:\/\/diabahia.com.br\/index.php\/wp-json\/wp\/v2\/types\/post"}],"author":[{"embeddable":true,"href":"https:\/\/diabahia.com.br\/index.php\/wp-json\/wp\/v2\/users\/2"}],"replies":[{"embeddable":true,"href":"https:\/\/diabahia.com.br\/index.php\/wp-json\/wp\/v2\/comments?post=6636"}],"version-history":[{"count":0,"href":"https:\/\/diabahia.com.br\/index.php\/wp-json\/wp\/v2\/posts\/6636\/revisions"}],"wp:featuredmedia":[{"embeddable":true,"href":"https:\/\/diabahia.com.br\/index.php\/wp-json\/wp\/v2\/media\/6637"}],"wp:attachment":[{"href":"https:\/\/diabahia.com.br\/index.php\/wp-json\/wp\/v2\/media?parent=6636"}],"wp:term":[{"taxonomy":"category","embeddable":true,"href":"https:\/\/diabahia.com.br\/index.php\/wp-json\/wp\/v2\/categories?post=6636"},{"taxonomy":"post_tag","embeddable":true,"href":"https:\/\/diabahia.com.br\/index.php\/wp-json\/wp\/v2\/tags?post=6636"}],"curies":[{"name":"wp","href":"https:\/\/api.w.org\/{rel}","templated":true}]}}