{"id":6517,"date":"2023-12-15T10:20:40","date_gmt":"2023-12-15T13:20:40","guid":{"rendered":"https:\/\/diabahia.com.br\/?p=6517"},"modified":"2023-12-15T10:20:42","modified_gmt":"2023-12-15T13:20:42","slug":"lavagem-do-caranguejo-tera-presenca-de-igor-kannario-e-edson-gomes","status":"publish","type":"post","link":"https:\/\/diabahia.com.br\/index.php\/2023\/12\/15\/lavagem-do-caranguejo-tera-presenca-de-igor-kannario-e-edson-gomes\/","title":{"rendered":"Lavagem do Caranguejo ter\u00e1 presen\u00e7a de Igor Kannario e Edson Gomes"},"content":{"rendered":"\n<p>Neste fim de semana ocorrer\u00e1 a trig\u00e9sima oitava edi\u00e7\u00e3o da tradicional Lavagem do Caranguejo, no bairro de Itinga, em Lauro de Freitas, na RMS.&nbsp;O cortejo desde ano, ter\u00e1 a presen\u00e7a de nomes ilustres da m\u00fasica baiana, como Igor Kannario, Devinho Novaes e Edson Gomes.<\/p>\n\n\n\n<p>Andr\u00e9 Pereira, titular da Secret\u00e1ria de Cultura do munic\u00edpio, comentou sobre a import\u00e2ncia do evento;<\/p>\n\n\n\n<p>\u201cAo encerrarmos o exerc\u00edcio deste ano, enfrentamos desafios consider\u00e1veis e, o apoio massivo da C\u00e2mara de Vereadores com a destina\u00e7\u00e3o de emendas para a realiza\u00e7\u00e3o dessa tradi\u00e7\u00e3o, foi essencial. Al\u00e9m de preservar nossa cultura e celebrar a hist\u00f3ria, \u00e9 importante ressaltar que eventos como esse desempenham um papel fundamental na dinamiza\u00e7\u00e3o da economia local\u201d, disse Andr\u00e9.<\/p>\n\n\n\n<p><strong>Veja a programa\u00e7\u00e3o;<\/strong><\/p>\n\n\n\n<p><em>Sexta-feira(15)<\/em><\/p>\n\n\n\n<p>Arena Cultural (Largo do Caranguejo) recebe os shows de Lazinho do Banjo, Allex Max, Hitsoul, Pagodart e Igor Kannario, a partir das 17h.<\/p>\n\n\n\n<p><em>S\u00e1bado(16)<\/em><\/p>\n\n\n\n<p>Tom Torres, Fam\u00edlia Tr\u00edplice, Tchelo Ara\u00fajo, No Groove e Devinho Novaes comandam as apresenta\u00e7\u00f5es na arena, a partir das 17h.<\/p>\n\n\n\n<p><em>Domingo(17)<\/em><\/p>\n\n\n\n<p>As ruas do bairro de Itinga receber\u00e3o o cortejo cultural, que tem sa\u00edda marcada da Escola Senhora Valetinha, \u00e0s 8h, com percurso at\u00e9 o Largo do Caranguejo.<\/p>\n\n\n\n<p>Os shows na Arena Cultural, no \u00faltimo dia do evento, come\u00e7am \u00e0s 15h, com apresenta\u00e7\u00f5es de Petty Elaine, Paranhos, Pagode do Segredo, Fusca\u00e7\u00e3o e Samba, Saiddy Bamba e Edson Gomes.<\/p>\n\n\n\n<p>Fonte: Varela Net <\/p>\n","protected":false},"excerpt":{"rendered":"<p>Neste fim de semana ocorrer\u00e1 a trig\u00e9sima oitava edi\u00e7\u00e3o da tradicional Lavagem do Caranguejo, no bairro de Itinga, em Lauro de Freitas, na RMS.&nbsp;O cortejo desde ano, ter\u00e1 a presen\u00e7a de nomes ilustres da m\u00fasica baiana, como Igor Kannario, Devinho Novaes e Edson Gomes. Andr\u00e9 Pereira, titular da Secret\u00e1ria de Cultura do munic\u00edpio, comentou sobre [&hellip;]<\/p>\n","protected":false},"author":2,"featured_media":6518,"comment_status":"open","ping_status":"open","sticky":false,"template":"","format":"standard","meta":{"footnotes":""},"categories":[85],"tags":[],"class_list":["post-6517","post","type-post","status-publish","format-standard","has-post-thumbnail","hentry","category-noticias"],"_links":{"self":[{"href":"https:\/\/diabahia.com.br\/index.php\/wp-json\/wp\/v2\/posts\/6517","targetHints":{"allow":["GET"]}}],"collection":[{"href":"https:\/\/diabahia.com.br\/index.php\/wp-json\/wp\/v2\/posts"}],"about":[{"href":"https:\/\/diabahia.com.br\/index.php\/wp-json\/wp\/v2\/types\/post"}],"author":[{"embeddable":true,"href":"https:\/\/diabahia.com.br\/index.php\/wp-json\/wp\/v2\/users\/2"}],"replies":[{"embeddable":true,"href":"https:\/\/diabahia.com.br\/index.php\/wp-json\/wp\/v2\/comments?post=6517"}],"version-history":[{"count":0,"href":"https:\/\/diabahia.com.br\/index.php\/wp-json\/wp\/v2\/posts\/6517\/revisions"}],"wp:featuredmedia":[{"embeddable":true,"href":"https:\/\/diabahia.com.br\/index.php\/wp-json\/wp\/v2\/media\/6518"}],"wp:attachment":[{"href":"https:\/\/diabahia.com.br\/index.php\/wp-json\/wp\/v2\/media?parent=6517"}],"wp:term":[{"taxonomy":"category","embeddable":true,"href":"https:\/\/diabahia.com.br\/index.php\/wp-json\/wp\/v2\/categories?post=6517"},{"taxonomy":"post_tag","embeddable":true,"href":"https:\/\/diabahia.com.br\/index.php\/wp-json\/wp\/v2\/tags?post=6517"}],"curies":[{"name":"wp","href":"https:\/\/api.w.org\/{rel}","templated":true}]}}