{"id":6396,"date":"2023-12-13T11:03:50","date_gmt":"2023-12-13T14:03:50","guid":{"rendered":"https:\/\/diabahia.com.br\/?p=6396"},"modified":"2023-12-13T11:03:52","modified_gmt":"2023-12-13T14:03:52","slug":"herdeiro-de-fabrica-que-explodiu-e-flagrado-com-producao-ilegal-de-fogos","status":"publish","type":"post","link":"https:\/\/diabahia.com.br\/index.php\/2023\/12\/13\/herdeiro-de-fabrica-que-explodiu-e-flagrado-com-producao-ilegal-de-fogos\/","title":{"rendered":"Herdeiro de f\u00e1brica que explodiu \u00e9 flagrado com produ\u00e7\u00e3o ilegal de fogos"},"content":{"rendered":"\n<p>O filho do dono da f\u00e1brica de fogos que explodiu h\u00e1 25 anos em Santo Ant\u00f4nio de Jesus, no rec\u00f4ncavo baiano, foi preso na manh\u00e3 desta ter\u00e7a-feira (12) durante fiscaliza\u00e7\u00e3o conjunta realizada na regi\u00e3o para coibir a produ\u00e7\u00e3o ilegal desses artefatos.<\/p>\n\n\n\n<p>Gilson Prazeres Bastos Nunes foi conduzido no fim da manh\u00e3 para a delegacia da cidade ap\u00f3s serem constatadas diversas irregularidades na empresa dele, a Artesanato de Fogos Boa Vista, tais como transporte e armazenamento de material explosivo sem cumprimento de normas de seguran\u00e7a e sem autoriza\u00e7\u00e3o necess\u00e1ria do Ex\u00e9rcito. A fiscaliza\u00e7\u00e3o preventiva est\u00e1 sendo realizada desde ontem (11\/12), data do anivers\u00e1rio do maior acidente de trabalho da hist\u00f3ria da Bahia, quando 64 pessoas morreram ap\u00f3s a explos\u00e3o da antiga f\u00e1brica de fogos.<\/p>\n\n\n\n<p>A fiscaliza\u00e7\u00e3o conta com a participa\u00e7\u00e3o do Minist\u00e9rio P\u00fablico do Trabalho (MPT) da Pol\u00edcia Rodovi\u00e1ria Federal (PRF), da Superintend\u00eancia Regional do Trabalho e Emprego (SRTE-BA), do Conselho Regional de Engenharia e Agronomia da Bahia (Crea-BA) e do Conselho Regional dos Qu\u00edmicos (CRQ). A equipe encontrou na propriedade rural, no distrito de Boa Vista, localidade de Ronco d\u2019\u00c1gua, Santo Ant\u00f4nio de Jesus, quase 300 caixas de fogos de artif\u00edcio de origens diversas, al\u00e9m de produtos artesanais feitos no local, todos eles contendo a p\u00f3lvora como integrante.<\/p>\n\n\n\n<p>O propriet\u00e1rio da empresa foi localizado e conduzido \u00e0 delegacia para que seja ouvido. Gilson foi vereador por tr\u00eas mandatos. Ele dever\u00e1 ser enquadrado no art. 253 do C\u00f3digo Penal, que prev\u00ea pena de deten\u00e7\u00e3o de seis meses a dois anos, al\u00e9m de multa. As informa\u00e7\u00f5es colhidas e o depoimento do dono da f\u00e1brica clandestina ser\u00e3o utilizados nos inqu\u00e9ritos c\u00edvel, no MPT, e criminal, que corre no Minist\u00e9rio P\u00fablico Federal (MPF). Toda a carga de explosivos foi apreendida e encaminhada para o 35\u00ba Batalh\u00e3o de Infantaria do Ex\u00e9rcito, localizado na cidade de Feira de Santana. O material vai passar por per\u00edcia feita pelo Departamento de Pol\u00edcia T\u00e9cnica e posteriormente dever\u00e1 ser destru\u00eddo.<\/p>\n\n\n\n<p>A pris\u00e3o e a apreens\u00e3o dos fogos ocorrem 25 anos depois do maior acidente de trabalho da hist\u00f3ria da Bahia e envolve a mesma fam\u00edlia. Desde que a explos\u00e3o ocorreu em 1998, a produ\u00e7\u00e3o de fogos de artif\u00edcio na regi\u00e3o deixou de ser feita em um local espec\u00edfico e se pulverizou dentro de casas e na zona rural, dificultando a fiscaliza\u00e7\u00e3o. Dessa vez, a opera\u00e7\u00e3o foi montada para flagrar o armazenamento e a fabrica\u00e7\u00e3o numa propriedade da fam\u00edlia de Vardo dos Fogos. Agora \u00e9 o filho dele, Gilson Nunes, quem administra o neg\u00f3cio, realizado ainda de forma completamente ilegal. Ap\u00f3s prestar depoimento e depois de ser lavrado o flagrante na delegacia, Gilson foi liberado e vai responder em liberdade pelos crimes.<\/p>\n\n\n\n<p>Fonte: Tribuna da Bahia <\/p>\n","protected":false},"excerpt":{"rendered":"<p>O filho do dono da f\u00e1brica de fogos que explodiu h\u00e1 25 anos em Santo Ant\u00f4nio de Jesus, no rec\u00f4ncavo baiano, foi preso na manh\u00e3 desta ter\u00e7a-feira (12) durante fiscaliza\u00e7\u00e3o conjunta realizada na regi\u00e3o para coibir a produ\u00e7\u00e3o ilegal desses artefatos. Gilson Prazeres Bastos Nunes foi conduzido no fim da manh\u00e3 para a delegacia da [&hellip;]<\/p>\n","protected":false},"author":2,"featured_media":6397,"comment_status":"open","ping_status":"open","sticky":false,"template":"","format":"standard","meta":{"footnotes":""},"categories":[85],"tags":[],"class_list":["post-6396","post","type-post","status-publish","format-standard","has-post-thumbnail","hentry","category-noticias"],"_links":{"self":[{"href":"https:\/\/diabahia.com.br\/index.php\/wp-json\/wp\/v2\/posts\/6396","targetHints":{"allow":["GET"]}}],"collection":[{"href":"https:\/\/diabahia.com.br\/index.php\/wp-json\/wp\/v2\/posts"}],"about":[{"href":"https:\/\/diabahia.com.br\/index.php\/wp-json\/wp\/v2\/types\/post"}],"author":[{"embeddable":true,"href":"https:\/\/diabahia.com.br\/index.php\/wp-json\/wp\/v2\/users\/2"}],"replies":[{"embeddable":true,"href":"https:\/\/diabahia.com.br\/index.php\/wp-json\/wp\/v2\/comments?post=6396"}],"version-history":[{"count":0,"href":"https:\/\/diabahia.com.br\/index.php\/wp-json\/wp\/v2\/posts\/6396\/revisions"}],"wp:featuredmedia":[{"embeddable":true,"href":"https:\/\/diabahia.com.br\/index.php\/wp-json\/wp\/v2\/media\/6397"}],"wp:attachment":[{"href":"https:\/\/diabahia.com.br\/index.php\/wp-json\/wp\/v2\/media?parent=6396"}],"wp:term":[{"taxonomy":"category","embeddable":true,"href":"https:\/\/diabahia.com.br\/index.php\/wp-json\/wp\/v2\/categories?post=6396"},{"taxonomy":"post_tag","embeddable":true,"href":"https:\/\/diabahia.com.br\/index.php\/wp-json\/wp\/v2\/tags?post=6396"}],"curies":[{"name":"wp","href":"https:\/\/api.w.org\/{rel}","templated":true}]}}