{"id":6390,"date":"2023-12-13T10:43:56","date_gmt":"2023-12-13T13:43:56","guid":{"rendered":"https:\/\/diabahia.com.br\/?p=6390"},"modified":"2023-12-13T10:43:58","modified_gmt":"2023-12-13T13:43:58","slug":"papa-francisco-faz-revelacao-sobre-onde-quer-ser-enterrado","status":"publish","type":"post","link":"https:\/\/diabahia.com.br\/index.php\/2023\/12\/13\/papa-francisco-faz-revelacao-sobre-onde-quer-ser-enterrado\/","title":{"rendered":"Papa Francisco faz revela\u00e7\u00e3o sobre onde quer ser enterrado"},"content":{"rendered":"\n<p>Em entrevista nesta quarta-feira, 13, o Papa Francisco revelou que deseja ser enterrado na Bas\u00edlica de Santa Maria Maggiore, em Roma, e n\u00e3o no Vaticano. O pont\u00edfice tamb\u00e9m anunciou uma viagem \u00e0 B\u00e9lgica em 2024 e disse que tem &#8220;pendente&#8221; uma visita \u00e0 Argentina e outra \u00e0 Polin\u00e9sia.<\/p>\n\n\n\n<p>&#8220;O local j\u00e1 est\u00e1 preparado. Quero ser sepultado em Santa Maria Maggiore&#8221;, revelou o pont\u00edfice argentino, que completa 87 anos neste domingo, em entrevista \u00e0 televis\u00e3o mexicana N+.&nbsp;<\/p>\n\n\n\n<p>Jorge Bergoglio, que frequentava este templo aos domingos antes da sua elei\u00e7\u00e3o em 2013, afirmou que sente uma &#8220;liga\u00e7\u00e3o muito grande&#8221; com esta bas\u00edlica situada no centro da capital italiana, onde repousam sete papas, segundo o Vatican News.&nbsp;<\/p>\n\n\n\n<p>O jesu\u00edta argentino tem o costume de rezar neste local antes e depois de cada viagem ao exterior. Ele tamb\u00e9m compareceu \u00e0 bas\u00edlica em junho, depois de deixar o hospital, ap\u00f3s passar por uma cirurgia no abd\u00f4men.<\/p>\n\n\n\n<p>O papa Francisco disse tamb\u00e9m que j\u00e1 preparou os detalhes do seu enterro e que simplificou o rito, que \u00e9 particularmente longo.&nbsp;<\/p>\n\n\n\n<p>Na mesma entrevista, prestou homenagem ao seu antecessor, Bento XVI, por ter tido &#8220;a coragem&#8221; de renunciar ao cargo.&nbsp;<\/p>\n\n\n\n<p>Em 2013, o te\u00f3logo alem\u00e3o tornou-se o primeiro papa desde a Idade M\u00e9dia a renunciar. Faleceu em 31 de dezembro de 2022 e foi sepultado na Bas\u00edlica de S\u00e3o Pedro, como Jo\u00e3o Paulo II.<\/p>\n\n\n\n<p>Francisco, que afirma sentir-se &#8220;bem&#8221;, sempre afirmou que estaria disposto a renunciar ao cargo caso n\u00e3o pudesse mais exercer as suas fun\u00e7\u00f5es, ao mesmo tempo que destacou que isso n\u00e3o deveria virar &#8220;moda&#8221;.&nbsp;<\/p>\n\n\n\n<p>O chefe da Igreja Cat\u00f3lica anunciou ainda que visitar\u00e1 a B\u00e9lgica em 2024, sem especificar data, e disse que tem viagens &#8220;pendentes&#8221; \u00e0 Argentina e \u00e0 Polin\u00e9sia.&nbsp;<\/p>\n\n\n\n<p>Em 2023, o papa fez cinco viagens, mas teve que cancelar a sua participa\u00e7\u00e3o na c\u00fapula do clima COP28, em Dubai, devido a uma bronquite.<\/p>\n\n\n\n<p>Fonte: A Tarde <\/p>\n","protected":false},"excerpt":{"rendered":"<p>Em entrevista nesta quarta-feira, 13, o Papa Francisco revelou que deseja ser enterrado na Bas\u00edlica de Santa Maria Maggiore, em Roma, e n\u00e3o no Vaticano. O pont\u00edfice tamb\u00e9m anunciou uma viagem \u00e0 B\u00e9lgica em 2024 e disse que tem &#8220;pendente&#8221; uma visita \u00e0 Argentina e outra \u00e0 Polin\u00e9sia. &#8220;O local j\u00e1 est\u00e1 preparado. Quero ser [&hellip;]<\/p>\n","protected":false},"author":2,"featured_media":6391,"comment_status":"open","ping_status":"open","sticky":false,"template":"","format":"standard","meta":{"footnotes":""},"categories":[85],"tags":[],"class_list":["post-6390","post","type-post","status-publish","format-standard","has-post-thumbnail","hentry","category-noticias"],"_links":{"self":[{"href":"https:\/\/diabahia.com.br\/index.php\/wp-json\/wp\/v2\/posts\/6390","targetHints":{"allow":["GET"]}}],"collection":[{"href":"https:\/\/diabahia.com.br\/index.php\/wp-json\/wp\/v2\/posts"}],"about":[{"href":"https:\/\/diabahia.com.br\/index.php\/wp-json\/wp\/v2\/types\/post"}],"author":[{"embeddable":true,"href":"https:\/\/diabahia.com.br\/index.php\/wp-json\/wp\/v2\/users\/2"}],"replies":[{"embeddable":true,"href":"https:\/\/diabahia.com.br\/index.php\/wp-json\/wp\/v2\/comments?post=6390"}],"version-history":[{"count":0,"href":"https:\/\/diabahia.com.br\/index.php\/wp-json\/wp\/v2\/posts\/6390\/revisions"}],"wp:featuredmedia":[{"embeddable":true,"href":"https:\/\/diabahia.com.br\/index.php\/wp-json\/wp\/v2\/media\/6391"}],"wp:attachment":[{"href":"https:\/\/diabahia.com.br\/index.php\/wp-json\/wp\/v2\/media?parent=6390"}],"wp:term":[{"taxonomy":"category","embeddable":true,"href":"https:\/\/diabahia.com.br\/index.php\/wp-json\/wp\/v2\/categories?post=6390"},{"taxonomy":"post_tag","embeddable":true,"href":"https:\/\/diabahia.com.br\/index.php\/wp-json\/wp\/v2\/tags?post=6390"}],"curies":[{"name":"wp","href":"https:\/\/api.w.org\/{rel}","templated":true}]}}