{"id":6064,"date":"2023-11-30T13:09:03","date_gmt":"2023-11-30T16:09:03","guid":{"rendered":"https:\/\/diabahia.com.br\/?p=6064"},"modified":"2023-11-30T13:09:05","modified_gmt":"2023-11-30T16:09:05","slug":"centro-historico-contara-com-atuacao-de-62-novos-guardas-municipais","status":"publish","type":"post","link":"https:\/\/diabahia.com.br\/index.php\/2023\/11\/30\/centro-historico-contara-com-atuacao-de-62-novos-guardas-municipais\/","title":{"rendered":"Centro Hist\u00f3rico contar\u00e1 com atua\u00e7\u00e3o de 62 novos guardas municipais\u00a0"},"content":{"rendered":"\n<p>Salvador passa a ter, a partir desta quarta-feira (29), o efetivo da Guarda Civil Municipal (GCM) refor\u00e7ado ap\u00f3s a formatura de 62 agentes oriundos do \u00faltimo concurso p\u00fablico realizado pela Prefeitura, em 2019. Os novos agentes atuar\u00e3o no Distrito Centro Hist\u00f3rico, auxiliando na seguran\u00e7a do Pelourinho, Santo Ant\u00f4nio Al\u00e9m do Carmo, Comercio e adjac\u00eancias. A solenidade de forma\u00e7\u00e3o dos novos integrantes aconteceu na sede da Adelba, em Patamares.&nbsp;<\/p>\n\n\n\n<p>O evento foi marcado por homenagens e apresenta\u00e7\u00f5es feitas pela tropa e banda da Guarda Civil. Participaram da cerim\u00f4nia o titular da Secretaria de Ordem P\u00fablica (Semop), Alexandre Tin\u00f4co; o inspetor-geral da GCM, Marcelo Silva; e o diretor de Seguran\u00e7a Urbana e Preven\u00e7\u00e3o \u00e0 Viol\u00eancia (Susprev\/Semop), Maur\u00edcio Lima, entre outros gestores municipais, representantes das For\u00e7as Armadas e das pol\u00edcias Militar e Civil, al\u00e9m de familiares dos novos agentes. &nbsp;<\/p>\n\n\n\n<p>Maur\u00edcio Lima considerou a chegada do refor\u00e7o bastante importante para a GCM e para a cidade. \u201cN\u00f3s estamos direcionando pela primeira vez uma equipe formada e com local espec\u00edfico de atua\u00e7\u00e3o que \u00e9 o Centro Hist\u00f3rico. Ent\u00e3o \u00e9 o cora\u00e7\u00e3o da nossa cidade, que a gente assumiu o Distrito Centro Hist\u00f3rico com a participa\u00e7\u00e3o bem significativa da Prefeitura, e mais importante ainda de refor\u00e7o da GCM. Ent\u00e3o, esses novos guardas saem daqui hoje da formatura e imediatamente come\u00e7am a atuar na seguran\u00e7a da regi\u00e3o, que ficar\u00e1 ainda melhor. \u00c9 um primeiro projeto feito com todo cuidado, com efetivo espec\u00edfico e que dar\u00e1 muito certo\u201d.&nbsp;<\/p>\n\n\n\n<p>O inspetor Marcelo Silva informou que, ao todo, v\u00e3o atuar 100 agentes na regi\u00e3o. \u201cAno que vem estaremos formando o restante do efetivo, para que a gente possa exercer ainda melhor as fun\u00e7\u00f5es neste local, trazendo um ver\u00e3o de tranquilidade e com efetivo mais robusto\u201d.&nbsp;<\/p>\n\n\n\n<p>A institui\u00e7\u00e3o tem 15 anos de exist\u00eancia e possui seis grupamentos (Opera\u00e7\u00f5es Especiais, Prote\u00e7\u00e3o Ambiental, Grupo de Opera\u00e7\u00f5es com C\u00e3es, de Rondas da Capital, de Motociclistas e de apoio ao Turista), al\u00e9m de coordenadorias e diretorias.&nbsp;<\/p>\n\n\n\n<p><strong>Processo<\/strong>&nbsp;\u2013 Os novos guardas civis municipais passaram por um amplo processo de capacita\u00e7\u00e3o, ap\u00f3s conclus\u00e3o das etapas de convoca\u00e7\u00e3o e nomea\u00e7\u00e3o. Os aprovados participaram de aulas sobre \u00e9tica, cidadania, direitos humanos e atua\u00e7\u00e3o com grupos vulner\u00e1veis, t\u00e9cnicas e procedimentos operacionais no uso dos equipamentos de baixa letalidade e letais (armamento e tiro), defesa pessoal, operador de r\u00e1dio HT, t\u00e9cnicas e procedimentos operacionais envolvendo abordagens, escolta e comboio, gerenciamento e negocia\u00e7\u00e3o de crises, patrulhamento em grandes eventos, dentre outros. &nbsp;<\/p>\n\n\n\n<p>A forma\u00e7\u00e3o completa dos novos agentes atendeu aos pr\u00e9-requisitos da Secretaria Nacional de Seguran\u00e7a P\u00fablica, para forma\u00e7\u00e3o de um guarda civil municipal. A gerente de Desenvolvimento Humano da GCM, Mariana Carneiro, afirma que foram mais de 800 horas de treinamento e instru\u00e7\u00e3o que s\u00e3o fundamentais para que saiam completamente qualificados. &nbsp;<\/p>\n\n\n\n<p>\u201cTodos os agentes se dedicaram e desempenharam postura de compromisso e responsabilidade no curso, e todos os 62 se formando hoje estar\u00e3o atuando com a Ger\u00eancia de Opera\u00e7\u00f5es da Guarda Municipal (GEOGM). \u00c9 importante esse aumento no efetivo. Quanto mais GCM preparados e formados, melhor para que nossas a\u00e7\u00f5es se intensifiquem em Salvador\u201d. &nbsp;<\/p>\n\n\n\n<p><strong>Satisfa\u00e7\u00e3o&nbsp;<\/strong>\u2013 Depois da espera, a chegada do dia da forma\u00e7\u00e3o era o motivo de sorriso no rosto dos 62 novos agentes. Foram quatro anos de espera e agora, ap\u00f3s os quatro meses como alunos, os novos agentes s\u00f3 t\u00eam a comemorar.&nbsp;<\/p>\n\n\n\n<p>Cirlange Garcia de Almeida, de 34 anos, conta que desde 2016 estudava para concursos e ficou feliz com o resultado para a GCM. \u201cForam instru\u00e7\u00f5es excepcionais e uma experi\u00eancia indescrit\u00edvel. A expectativa de ir \u00e0s ruas \u00e9 imensa. Agora \u00e9 fazer pela cidade e pelo cidad\u00e3o\u201d. &nbsp;<\/p>\n\n\n\n<p>Filho de profissionais da \u00e1rea de seguran\u00e7a p\u00fablica, Iago Martins, de 29 anos, conta que sempre teve voca\u00e7\u00e3o para a \u00e1rea. \u201cEu tinha acabado de me formar em Direito e decidi prestar concurso. N\u00e3o conhecia a GCM, me aprofundei nos estudos, tive \u00eaxito e fui aprovado. Foram quatro anos de espera e ansiedade e fiz valer os quatro meses de curso, preparado pelos melhores profissionais poss\u00edveis. O processo me surpeeendeu positivamente e hoje de fato vamos colocar em pr\u00e1tica, ir para a rua para fazer o que tiver de ser feito, dando o nosso melhor\u201d.&nbsp;<\/p>\n\n\n\n<p>Tamb\u00e9m formando, o agora guarda municipal Sandro Fonseca Santos, de 34 anos, lembra que sempre teve interesse pela \u00e1rea de seguran\u00e7a p\u00fablica e chegou a servir as For\u00e7as Armadas, quando era mais novo. \u201cSurgiu a oportunidade do concurso e todo o processo foi \u00f3timo, me surpreendeu bastante. Muita gente da sociedade n\u00e3o sabe, mas a guarda presta um servi\u00e7o de excel\u00eancia com profissionais competentes e, gra\u00e7as a Deus, formando muita gente boa. A expectativa \u00e9 crescer e evoluir, contribuindo para a seguran\u00e7a da popula\u00e7\u00e3o\u201d, arrematou.\u00a0<\/p>\n\n\n\n<p>Fonte: Tribuna da Bahia <\/p>\n","protected":false},"excerpt":{"rendered":"<p>Salvador passa a ter, a partir desta quarta-feira (29), o efetivo da Guarda Civil Municipal (GCM) refor\u00e7ado ap\u00f3s a formatura de 62 agentes oriundos do \u00faltimo concurso p\u00fablico realizado pela Prefeitura, em 2019. Os novos agentes atuar\u00e3o no Distrito Centro Hist\u00f3rico, auxiliando na seguran\u00e7a do Pelourinho, Santo Ant\u00f4nio Al\u00e9m do Carmo, Comercio e adjac\u00eancias. A [&hellip;]<\/p>\n","protected":false},"author":2,"featured_media":6065,"comment_status":"open","ping_status":"open","sticky":false,"template":"","format":"standard","meta":{"footnotes":""},"categories":[85],"tags":[],"class_list":["post-6064","post","type-post","status-publish","format-standard","has-post-thumbnail","hentry","category-noticias"],"_links":{"self":[{"href":"https:\/\/diabahia.com.br\/index.php\/wp-json\/wp\/v2\/posts\/6064","targetHints":{"allow":["GET"]}}],"collection":[{"href":"https:\/\/diabahia.com.br\/index.php\/wp-json\/wp\/v2\/posts"}],"about":[{"href":"https:\/\/diabahia.com.br\/index.php\/wp-json\/wp\/v2\/types\/post"}],"author":[{"embeddable":true,"href":"https:\/\/diabahia.com.br\/index.php\/wp-json\/wp\/v2\/users\/2"}],"replies":[{"embeddable":true,"href":"https:\/\/diabahia.com.br\/index.php\/wp-json\/wp\/v2\/comments?post=6064"}],"version-history":[{"count":0,"href":"https:\/\/diabahia.com.br\/index.php\/wp-json\/wp\/v2\/posts\/6064\/revisions"}],"wp:featuredmedia":[{"embeddable":true,"href":"https:\/\/diabahia.com.br\/index.php\/wp-json\/wp\/v2\/media\/6065"}],"wp:attachment":[{"href":"https:\/\/diabahia.com.br\/index.php\/wp-json\/wp\/v2\/media?parent=6064"}],"wp:term":[{"taxonomy":"category","embeddable":true,"href":"https:\/\/diabahia.com.br\/index.php\/wp-json\/wp\/v2\/categories?post=6064"},{"taxonomy":"post_tag","embeddable":true,"href":"https:\/\/diabahia.com.br\/index.php\/wp-json\/wp\/v2\/tags?post=6064"}],"curies":[{"name":"wp","href":"https:\/\/api.w.org\/{rel}","templated":true}]}}