{"id":6021,"date":"2023-11-29T15:08:32","date_gmt":"2023-11-29T18:08:32","guid":{"rendered":"https:\/\/diabahia.com.br\/?p=6021"},"modified":"2023-11-29T15:08:34","modified_gmt":"2023-11-29T18:08:34","slug":"saulo-fernandes-fara-show-para-a-pipoca-no-mirante-do-camarote-salvador","status":"publish","type":"post","link":"https:\/\/diabahia.com.br\/index.php\/2023\/11\/29\/saulo-fernandes-fara-show-para-a-pipoca-no-mirante-do-camarote-salvador\/","title":{"rendered":"Saulo Fernandes far\u00e1 show para a \u2018pipoca\u2019 no mirante do Camarote Salvador"},"content":{"rendered":"\n<p>Saulo Fernandes vai agitar os foli\u00f5es da \u201cpipoca\u201d do circuito Barra-Ondina durante o Carnaval. Com um show especial, diretamente do mirante do Camarote Salvador, o cantor e compositor vai encontrar os f\u00e3s que estiverem na avenida curtindo a maior festa popular do mundo. O espet\u00e1culo para a rua poder\u00e1 ser acompanhado por todos que estiverem passando pelo local. A vista privilegiada ser\u00e1 dos foli\u00f5es que estiverem integrando o Camarote Acess\u00edvel para pessoas com defici\u00eancia e idosos da Prefeitura de Salvador. O espa\u00e7o fica em frente ao Mirante, onde o show acontecer\u00e1.&nbsp;&nbsp;<\/p>\n\n\n\n<p><strong>\u201c\u00c9 muito massa imaginar que o camarote vai tocar para a pipoca\u201d, comenta Saulo Fernandes. A iniciativa \u00e9 uma forma de amplificar essa alegria que existe no Circuito Dod\u00f4, indica Luciana Villas-B\u00f4as, diretora-executiva da Premium Entretenimento, que promove o Camarote Salvador. \u201cTodos os anos, recebemos milhares de pessoas no nosso evento, e sabemos que a energia da rua \u00e9 o que torna a nossa festa \u00fanica. Nos unimos a Saulo para exaltar a diversidade do nosso carnaval e presentear a cidade que levamos no nome\u201d, afirma.<\/strong><\/p>\n\n\n\n<p>O show de Saulo Fernandes para a \u201cpipoca\u201d do mirante tamb\u00e9m ir\u00e1 garantir que os valores destinados a obras sociais do Camarote Salvador, nesse dia, beneficiem o Hospital Martag\u00e3o Gesteira, uma institui\u00e7\u00e3o filantr\u00f3pica que, h\u00e1 56 anos, atende crian\u00e7as e adolescentes na capital baiana.&nbsp;<\/p>\n\n\n\n<p>Com uma carreira de sucesso consolidada, Saulo iniciou sua trajet\u00f3ria musical em 1996, com a banda Chica F\u00e9. Em 2001, ganhou o pr\u00eamio de cantor revela\u00e7\u00e3o do Carnaval. Um ano depois, passou a ser o vocalista da Banda Eva, conquistando ainda mais notoriedade na m\u00fasica. O artista esteve \u00e0 frente do grupo at\u00e9 2013, quando estreou sua carreira solo. Ao longo dos anos, colecionou hits adorados pelo p\u00fablico, como as m\u00fasicas \u201cRaiz de Todo Bem\u201d, \u201cAnjo\u201d e \u201cSol em Festa\u201d.<\/p>\n\n\n\n<p>Fonte: Tribuna da Bahia <\/p>\n","protected":false},"excerpt":{"rendered":"<p>Saulo Fernandes vai agitar os foli\u00f5es da \u201cpipoca\u201d do circuito Barra-Ondina durante o Carnaval. Com um show especial, diretamente do mirante do Camarote Salvador, o cantor e compositor vai encontrar os f\u00e3s que estiverem na avenida curtindo a maior festa popular do mundo. O espet\u00e1culo para a rua poder\u00e1 ser acompanhado por todos que estiverem [&hellip;]<\/p>\n","protected":false},"author":2,"featured_media":6022,"comment_status":"open","ping_status":"open","sticky":false,"template":"","format":"standard","meta":{"footnotes":""},"categories":[93],"tags":[],"class_list":["post-6021","post","type-post","status-publish","format-standard","has-post-thumbnail","hentry","category-entretenimento"],"_links":{"self":[{"href":"https:\/\/diabahia.com.br\/index.php\/wp-json\/wp\/v2\/posts\/6021","targetHints":{"allow":["GET"]}}],"collection":[{"href":"https:\/\/diabahia.com.br\/index.php\/wp-json\/wp\/v2\/posts"}],"about":[{"href":"https:\/\/diabahia.com.br\/index.php\/wp-json\/wp\/v2\/types\/post"}],"author":[{"embeddable":true,"href":"https:\/\/diabahia.com.br\/index.php\/wp-json\/wp\/v2\/users\/2"}],"replies":[{"embeddable":true,"href":"https:\/\/diabahia.com.br\/index.php\/wp-json\/wp\/v2\/comments?post=6021"}],"version-history":[{"count":0,"href":"https:\/\/diabahia.com.br\/index.php\/wp-json\/wp\/v2\/posts\/6021\/revisions"}],"wp:featuredmedia":[{"embeddable":true,"href":"https:\/\/diabahia.com.br\/index.php\/wp-json\/wp\/v2\/media\/6022"}],"wp:attachment":[{"href":"https:\/\/diabahia.com.br\/index.php\/wp-json\/wp\/v2\/media?parent=6021"}],"wp:term":[{"taxonomy":"category","embeddable":true,"href":"https:\/\/diabahia.com.br\/index.php\/wp-json\/wp\/v2\/categories?post=6021"},{"taxonomy":"post_tag","embeddable":true,"href":"https:\/\/diabahia.com.br\/index.php\/wp-json\/wp\/v2\/tags?post=6021"}],"curies":[{"name":"wp","href":"https:\/\/api.w.org\/{rel}","templated":true}]}}