{"id":5958,"date":"2023-11-28T14:00:40","date_gmt":"2023-11-28T17:00:40","guid":{"rendered":"https:\/\/diabahia.com.br\/?p=5958"},"modified":"2023-11-28T14:00:42","modified_gmt":"2023-11-28T17:00:42","slug":"mc-daniel-e-intimado-a-depor-em-processo-de-agressao-movido-por-menor-de-idade","status":"publish","type":"post","link":"https:\/\/diabahia.com.br\/index.php\/2023\/11\/28\/mc-daniel-e-intimado-a-depor-em-processo-de-agressao-movido-por-menor-de-idade\/","title":{"rendered":"MC Daniel \u00e9 intimado a depor em processo de agress\u00e3o movido por menor de idade"},"content":{"rendered":"\n<p>O cantor MC Daniel foi intimado a depor ap\u00f3s ter o nome citado em um processo de Dano Moral que corre na 2\u00aa Vara C\u00edvel do F\u00f3rum de Santa Cruz do Rio Pardo, em S\u00e3o Paulo.&nbsp;<\/p>\n\n\n\n<p>A a\u00e7\u00e3o que envolve o funkeiro foi movida por um menor de idade, que alega ter sido agredido pelos seguran\u00e7as do artista, al\u00e9m de ter sido motivo de chacota por parte do cantor, que teria incentivado a atitude violenta dos funcion\u00e1rios.\u00a0<\/p>\n\n\n\n<p>Na ocasi\u00e3o, o f\u00e3, que pede R$ 91 mil de indeniza\u00e7\u00e3o, teria tentado subir no palco para tirar uma foto com MC Daniel, mas foi impedido pelos seguran\u00e7as que agrediram o rapaz ao tirar ele do palco. Em uma segunda tentativa, os seguran\u00e7as voltaram a agredir o rapaz.&nbsp;<\/p>\n\n\n\n<p>No processo, o jovem diz que MC Daniel incentivou o p\u00fablico a filmar o momento e teria compartilhado o rosto dele no pr\u00f3prio perfil na web, causando constrangimento pela acusa\u00e7\u00e3o de que ele teria causado confus\u00e3o no evento.&nbsp;<\/p>\n\n\n\n<p>Daniel ainda compartilhou v\u00eddeos nas redes sociais xingando o menor, afirmando que ele estaria b\u00eabado e drogado no show. &#8220;Esse moleque a\u00ed \u00e9 um puta de um mongol. Foi pro show b\u00eabado, noia, drogad\u00e3o, tentou me puxar, sa\u00ed fora&#8230; Os caras, os f\u00e3s, deram um cacete nele. Depois ele foi no hotel, achei que ele estivesse armado e falei: &#8216;Deixa ele encostar para trocar umas ideias&#8217;. Encostei e vi que ele n\u00e3o tava. Falei: &#8216;Por que voc\u00ea fez isso?&#8217;. Tenho os v\u00eddeos de tudo. Nem bati nele, n\u00e3o fiz nada. Faz tanto tempo que n\u00e3o fa\u00e7o esse tipo de coisa, que parei de ser um bad boy&#8221;, afirmou o cantor.<\/p>\n\n\n\n<p>Al\u00e9m de MC Daniel, \u00a0a empresa respons\u00e1vel pela carreira do artista, a Lyons Produ\u00e7\u00f5es, e os seguran\u00e7as que estiveram no show tamb\u00e9m foram intimados a depor.<\/p>\n\n\n\n<p>Fonte: Bahia Not\u00edcias <\/p>\n","protected":false},"excerpt":{"rendered":"<p>O cantor MC Daniel foi intimado a depor ap\u00f3s ter o nome citado em um processo de Dano Moral que corre na 2\u00aa Vara C\u00edvel do F\u00f3rum de Santa Cruz do Rio Pardo, em S\u00e3o Paulo.&nbsp; A a\u00e7\u00e3o que envolve o funkeiro foi movida por um menor de idade, que alega ter sido agredido pelos [&hellip;]<\/p>\n","protected":false},"author":2,"featured_media":5959,"comment_status":"open","ping_status":"open","sticky":false,"template":"","format":"standard","meta":{"footnotes":""},"categories":[93],"tags":[],"class_list":["post-5958","post","type-post","status-publish","format-standard","has-post-thumbnail","hentry","category-entretenimento"],"_links":{"self":[{"href":"https:\/\/diabahia.com.br\/index.php\/wp-json\/wp\/v2\/posts\/5958","targetHints":{"allow":["GET"]}}],"collection":[{"href":"https:\/\/diabahia.com.br\/index.php\/wp-json\/wp\/v2\/posts"}],"about":[{"href":"https:\/\/diabahia.com.br\/index.php\/wp-json\/wp\/v2\/types\/post"}],"author":[{"embeddable":true,"href":"https:\/\/diabahia.com.br\/index.php\/wp-json\/wp\/v2\/users\/2"}],"replies":[{"embeddable":true,"href":"https:\/\/diabahia.com.br\/index.php\/wp-json\/wp\/v2\/comments?post=5958"}],"version-history":[{"count":0,"href":"https:\/\/diabahia.com.br\/index.php\/wp-json\/wp\/v2\/posts\/5958\/revisions"}],"wp:featuredmedia":[{"embeddable":true,"href":"https:\/\/diabahia.com.br\/index.php\/wp-json\/wp\/v2\/media\/5959"}],"wp:attachment":[{"href":"https:\/\/diabahia.com.br\/index.php\/wp-json\/wp\/v2\/media?parent=5958"}],"wp:term":[{"taxonomy":"category","embeddable":true,"href":"https:\/\/diabahia.com.br\/index.php\/wp-json\/wp\/v2\/categories?post=5958"},{"taxonomy":"post_tag","embeddable":true,"href":"https:\/\/diabahia.com.br\/index.php\/wp-json\/wp\/v2\/tags?post=5958"}],"curies":[{"name":"wp","href":"https:\/\/api.w.org\/{rel}","templated":true}]}}