{"id":5955,"date":"2023-11-28T13:47:54","date_gmt":"2023-11-28T16:47:54","guid":{"rendered":"https:\/\/diabahia.com.br\/?p=5955"},"modified":"2023-11-28T13:47:55","modified_gmt":"2023-11-28T16:47:55","slug":"presidente-da-viabahia-nao-comparece-em-convocacao-e-sessao-na-al-ba-e-suspensa","status":"publish","type":"post","link":"https:\/\/diabahia.com.br\/index.php\/2023\/11\/28\/presidente-da-viabahia-nao-comparece-em-convocacao-e-sessao-na-al-ba-e-suspensa\/","title":{"rendered":"Presidente da ViaBahia n\u00e3o comparece em convoca\u00e7\u00e3o e sess\u00e3o na AL-BA \u00e9 suspensa"},"content":{"rendered":"\n<p>A sess\u00e3o na Assembleia Legislativa da Bahia (AL-BA) nesta ter\u00e7a-feira (28), que iria discutir e esclarecer a atual administra\u00e7\u00e3o\u00a0\u00a0da BR-324 e 116, foi suspensa ap\u00f3s o n\u00e3o\u00a0comparecimento do presidente da ViaBahia, Jos\u00e9 Bartolomeu. O presidente da concession\u00e1ria iria prestar esclarecimentos nas Comiss\u00f5es de Infraestrutura, Desenvolvimento Econ\u00f4mico e Turismo, ap\u00f3s ser\u00a0convocado por deputados em outubro deste ano.\u00a0<\/p>\n\n\n\n<p>Por meio de um documento enviado \u00e0 AL-BA, a concession\u00e1ria informou que o n\u00e3o comparecimento ocorreu por conta da participa\u00e7\u00e3o de Jos\u00e9 Bartolomeu em outra convoca\u00e7\u00e3o na C\u00e2mara dos Deputados no mesmo dia da sess\u00e3o da Assembleia, como\u00a0antecipado pelo Bahia Not\u00edcias.\u00a0<\/p>\n\n\n\n<p>\u201cO diretor jur\u00eddico deles nos enviou um documento que o presidente da ViaBahia estaria na Comiss\u00e3o de Fiscaliza\u00e7\u00e3o Financeira e Controle da C\u00e2mara dos Deputados no mesmo hor\u00e1rio aqui da nossa comiss\u00e3o, para debater sobre a renegocia\u00e7\u00e3o do contrato de concess\u00e3o de rodovias com a concession\u00e1ria Via Bahia. O diretor jur\u00eddico deles nos enviou para poder intervir na sess\u00e3o e n\u00f3s deputados todos presentes das tr\u00eas comiss\u00f5es decidimos suspender a sess\u00e3o em fun\u00e7\u00e3o dele n\u00e3o ter vindo\u201d, disse o presidente da Comiss\u00e3o de Infraestrutura, Desenvolvimento Econ\u00f4mico e Turismo, Eduardo Salles.<\/p>\n\n\n\n<p>Salles explicou que ap\u00f3s o cancelamento da sess\u00e3o, os deputados foram at\u00e9 o gabinete do presidente da AL-BA, Adolfo Menezes, para solicitar a instala\u00e7\u00e3o de uma Comiss\u00e3o Parlamentar de Inqu\u00e9rito (CPI).\u00a0\u00a0<\/p>\n\n\n\n<p>\u201cVimos solicitar celeridade com o setor jur\u00eddico nosso para aprova\u00e7\u00e3o da CPI, n\u00e3o mais a primeira CPI que foi solicitada que \u00e9 era referente ao contrato que \u00e9 um contrato realmente \u00e9 Federal, mas em rela\u00e7\u00e3o aos maus servi\u00e7os prestados pela ViaBahia. N\u00f3s viemos aqui todos n\u00f3s j\u00e1 no cancelamento da sess\u00e3o, colocamos exatamente isso que quer\u00edamos solicitar a celeridade, sabemos que temos duas semanas praticamente para a finaliza\u00e7\u00e3o do ano legislativo, ent\u00e3o depois n\u00f3s temos um recesso que o presidente de repente j\u00e1 sinaliza a aprova\u00e7\u00e3o dela [CPI] e a gente instalaria no in\u00edcio do pr\u00f3ximo ano legislativo, para que tenhamos realmente um trabalho com a qualidade necess\u00e1ria de buscar as dificuldades da a popula\u00e7\u00e3o baiana [&#8230;]\u201d, considerou Salles.\u00a0<\/p>\n\n\n\n<p>O parlamentar contou ainda que o Procon poderia ser acionado para apurar as den\u00fancias contra a concession\u00e1ria.&nbsp;<\/p>\n\n\n\n<p>\u201cO Procon j\u00e1 foi acionado por diversas vezes. A pr\u00f3pria ANTT que \u00e9 a Ag\u00eancia Nacional de transporte terrestre que \u00e9 quem regula e quem fiscaliza esse contrato j\u00e1 foi acionada milhares de vezes. A ANTT mesmo nos disse que j\u00e1 acionou a ViaBahia e perdeu em todos os momentos na Justi\u00e7a. [&#8230;] A ANTT n\u00e3o consegue, a Justi\u00e7a n\u00e3o consegue, o Procon n\u00e3o consegue. N\u00f3s entramos com a\u00e7\u00e3o jur\u00eddica, uma a\u00e7\u00e3o penal criminal solicitando que o presidente e gestores da Via Bahia sejam punidos pelas mortes que est\u00e3o acontecendo. Fomos ao Minist\u00e9rio P\u00fablico Federal e a Pol\u00edcia Federal solicitar essa investiga\u00e7\u00e3o\u201d, completou. <\/p>\n\n\n\n<p>Fonte: Bahia Not\u00edcias <\/p>\n","protected":false},"excerpt":{"rendered":"<p>A sess\u00e3o na Assembleia Legislativa da Bahia (AL-BA) nesta ter\u00e7a-feira (28), que iria discutir e esclarecer a atual administra\u00e7\u00e3o\u00a0\u00a0da BR-324 e 116, foi suspensa ap\u00f3s o n\u00e3o\u00a0comparecimento do presidente da ViaBahia, Jos\u00e9 Bartolomeu. O presidente da concession\u00e1ria iria prestar esclarecimentos nas Comiss\u00f5es de Infraestrutura, Desenvolvimento Econ\u00f4mico e Turismo, ap\u00f3s ser\u00a0convocado por deputados em outubro deste [&hellip;]<\/p>\n","protected":false},"author":2,"featured_media":5956,"comment_status":"open","ping_status":"open","sticky":false,"template":"","format":"standard","meta":{"footnotes":""},"categories":[85],"tags":[],"class_list":["post-5955","post","type-post","status-publish","format-standard","has-post-thumbnail","hentry","category-noticias"],"_links":{"self":[{"href":"https:\/\/diabahia.com.br\/index.php\/wp-json\/wp\/v2\/posts\/5955","targetHints":{"allow":["GET"]}}],"collection":[{"href":"https:\/\/diabahia.com.br\/index.php\/wp-json\/wp\/v2\/posts"}],"about":[{"href":"https:\/\/diabahia.com.br\/index.php\/wp-json\/wp\/v2\/types\/post"}],"author":[{"embeddable":true,"href":"https:\/\/diabahia.com.br\/index.php\/wp-json\/wp\/v2\/users\/2"}],"replies":[{"embeddable":true,"href":"https:\/\/diabahia.com.br\/index.php\/wp-json\/wp\/v2\/comments?post=5955"}],"version-history":[{"count":0,"href":"https:\/\/diabahia.com.br\/index.php\/wp-json\/wp\/v2\/posts\/5955\/revisions"}],"wp:featuredmedia":[{"embeddable":true,"href":"https:\/\/diabahia.com.br\/index.php\/wp-json\/wp\/v2\/media\/5956"}],"wp:attachment":[{"href":"https:\/\/diabahia.com.br\/index.php\/wp-json\/wp\/v2\/media?parent=5955"}],"wp:term":[{"taxonomy":"category","embeddable":true,"href":"https:\/\/diabahia.com.br\/index.php\/wp-json\/wp\/v2\/categories?post=5955"},{"taxonomy":"post_tag","embeddable":true,"href":"https:\/\/diabahia.com.br\/index.php\/wp-json\/wp\/v2\/tags?post=5955"}],"curies":[{"name":"wp","href":"https:\/\/api.w.org\/{rel}","templated":true}]}}