{"id":5946,"date":"2023-11-28T11:27:09","date_gmt":"2023-11-28T14:27:09","guid":{"rendered":"https:\/\/diabahia.com.br\/?p=5946"},"modified":"2023-11-28T11:27:11","modified_gmt":"2023-11-28T14:27:11","slug":"confira-blocos-pipocas-e-camarotes-ja-confirmados-na-folia-de-2024","status":"publish","type":"post","link":"https:\/\/diabahia.com.br\/index.php\/2023\/11\/28\/confira-blocos-pipocas-e-camarotes-ja-confirmados-na-folia-de-2024\/","title":{"rendered":"Confira blocos, pipocas e camarotes j\u00e1 confirmados na folia de 2024"},"content":{"rendered":"\n<p>Faltam pouco mais de 80 dias para o\u00a0Carnaval de Salvador. Em 2024, a maior festa de rua do planeta come\u00e7a oficialmente no dia 8 de fevereiro,\u00a0mas o calend\u00e1rio vai dar uma forcinha e a folia ter\u00e1 uma &#8220;vers\u00e3o estendida&#8221;, j\u00e1 que a festa de Iemanj\u00e1 vai acontecer logo antes das celebra\u00e7\u00f5es pr\u00e9-carnavalescas. Com tantos eventos, \u00e9 bom se planejar o quanto antes, certo? <\/p>\n\n\n\n<p>Para voc\u00ea n\u00e3o se perder na folia de Momo, o iBahia traz uma lista com os blocos e camarotes que j\u00e1 t\u00eam vendas abertas, al\u00e9m dos artistas que anunciaram que v\u00e3o desfilar para a pipoca. As vendas dos blocos e camarotes acontecem nos sites\u00a0<a rel=\"noreferrer noopener\" href=\"https:\/\/www.queroabada.com.br\/blocos-carnaval-salvador\" target=\"_blank\">Quero Abad\u00e1<\/a>,\u00a0<a rel=\"noreferrer noopener\" href=\"https:\/\/home.centraldocarnaval.com.br\/blocos\/\" target=\"_blank\">Central do Carnaval<\/a>,\u00a0<a rel=\"noreferrer noopener\" href=\"https:\/\/www.foliabahia.com.br\/blocos-carnaval-salvador\" target=\"_blank\">Folia Bahia<\/a>,\u00a0<a rel=\"noreferrer noopener\" href=\"https:\/\/www.sanfolia.com\/\" target=\"_blank\">San Folia<\/a>,\u00a0<a rel=\"noreferrer noopener\" href=\"https:\/\/vendas.ticketmaker.com.br\/\" target=\"_blank\">TicketMaker<\/a>\u00a0e\u00a0<a rel=\"noreferrer noopener\" href=\"https:\/\/vendas.boratickets.com.br\/\" target=\"_blank\">Bora Tickets<\/a>.<\/p>\n\n\n\n<h4 class=\"wp-block-heading\">Pipocas<\/h4>\n\n\n\n<p><strong>Ivete Sangalo<\/strong><\/p>\n\n\n\n<figure class=\"wp-block-image\"><img decoding=\"async\" src=\"https:\/\/cdn.ibahia.com\/img\/inline\/300000\/500x300\/Confira-blocos-pipocas-e-camarotes-ja-confirmados-0030981001202311281032-6.webp?fallback=https%3A%2F%2Fcdn.ibahia.com%2Fimg%2Finline%2F300000%2FConfira-blocos-pipocas-e-camarotes-ja-confirmados-0030981001202311281032.jpg%3Fxid%3D1447116&amp;xid=1447116\" alt=\"\n\t\t\t\t\n\t\t\t\t\tConfira blocos, pipocas e camarotes j\u00e1 confirmados na folia de 2024\n\t\t\t\t\n\t\t\t\t\"\/><\/figure>\n\n\n\n<p>Repetindo a dose do \u00faltimo Carnaval,\u00a0Veveta vai abrir a folia com a sua pipoca, na quinta-feira, 8 de fevereiro. A apresenta\u00e7\u00e3o ter\u00e1 um sabor especial, j\u00e1 que em 2024 a cantora completa 30 anos de carreira. Assim como aconteceu em 2023, o momento ser\u00e1 transmitido pela TV Globo.<\/p>\n\n\n\n<p><strong>Anitta<\/strong><\/p>\n\n\n\n<figure class=\"wp-block-image\"><img decoding=\"async\" src=\"https:\/\/cdn.ibahia.com\/img\/inline\/300000\/500x300\/Confira-blocos-pipocas-e-camarotes-ja-confirmados-0030981002202311281032-6.webp?fallback=https%3A%2F%2Fcdn.ibahia.com%2Fimg%2Finline%2F300000%2FConfira-blocos-pipocas-e-camarotes-ja-confirmados-0030981002202311281032.jpg%3Fxid%3D1447117&amp;xid=1447117\" alt=\"\n\t\t\t\t\n\t\t\t\t\tConfira blocos, pipocas e camarotes j\u00e1 confirmados na folia de 2024\n\t\t\t\t\n\t\t\t\t\"\/><\/figure>\n\n\n\n<p>A\u00a0confirma\u00e7\u00e3o de mais uma edi\u00e7\u00e3o dos Ensaios da Anitta em Salvador\u00a0foi s\u00f3 o come\u00e7o:\u00a0a artista carioca tamb\u00e9m anunciou que vai desfilar no Circuito Barra-Ondina com o Bloco da Anitta, na sexta de Carnaval. Para a folia de 2024, a Poderosa ter\u00e1 como tema de suas fantasias as escolas de samba do Rio de Janeiro.<\/p>\n\n\n\n<p><strong>Timbalada<\/strong><\/p>\n\n\n\n<figure class=\"wp-block-image\"><img decoding=\"async\" src=\"https:\/\/cdn.ibahia.com\/img\/inline\/300000\/500x300\/Confira-blocos-pipocas-e-camarotes-ja-confirmados-0030981003202311281032-6.webp?fallback=https%3A%2F%2Fcdn.ibahia.com%2Fimg%2Finline%2F300000%2FConfira-blocos-pipocas-e-camarotes-ja-confirmados-0030981003202311281032.jpg%3Fxid%3D1447118&amp;xid=1447118\" alt=\"\n\t\t\t\t\n\t\t\t\t\tConfira blocos, pipocas e camarotes j\u00e1 confirmados na folia de 2024\n\t\t\t\t\n\t\t\t\t\"\/><\/figure>\n\n\n\n<p>O grupo\u00a0anunciou em primeira m\u00e3o ao iBahia, no \u00faltimo dia 7 de novembro, que o tradicional &#8220;Bloco da Timbalada&#8221;\u00a0n\u00e3o sairia em 2024, e que os desfiles seriam voltados para a pipoca. Ainda n\u00e3o h\u00e1, no entanto, detalhes sobre os dias das apresenta\u00e7\u00f5es.<br><\/p>\n\n\n\n<h4 class=\"wp-block-heading\">Blocos no Circuito Barra-Ondina<\/h4>\n\n\n\n<figure class=\"wp-block-image size-full\"><img loading=\"lazy\" decoding=\"async\" width=\"642\" height=\"637\" src=\"https:\/\/diabahia.com.br\/wp-content\/uploads\/2023\/11\/12.png\" alt=\"\" class=\"wp-image-5948\" srcset=\"https:\/\/diabahia.com.br\/wp-content\/uploads\/2023\/11\/12.png 642w, https:\/\/diabahia.com.br\/wp-content\/uploads\/2023\/11\/12-300x298.png 300w, https:\/\/diabahia.com.br\/wp-content\/uploads\/2023\/11\/12-150x150.png 150w\" sizes=\"auto, (max-width: 642px) 100vw, 642px\" \/><\/figure>\n\n\n\n<p>Blocos no Circuito Campo Grande<\/p>\n\n\n\n<figure class=\"wp-block-image size-full\"><img loading=\"lazy\" decoding=\"async\" width=\"486\" height=\"96\" src=\"https:\/\/diabahia.com.br\/wp-content\/uploads\/2023\/11\/aa.png\" alt=\"\" class=\"wp-image-5949\" srcset=\"https:\/\/diabahia.com.br\/wp-content\/uploads\/2023\/11\/aa.png 486w, https:\/\/diabahia.com.br\/wp-content\/uploads\/2023\/11\/aa-300x59.png 300w\" sizes=\"auto, (max-width: 486px) 100vw, 486px\" \/><\/figure>\n\n\n\n<p>Camarotes no Circuito Barra-Ondina<\/p>\n\n\n\n<figure class=\"wp-block-image size-full\"><img loading=\"lazy\" decoding=\"async\" width=\"608\" height=\"568\" src=\"https:\/\/diabahia.com.br\/wp-content\/uploads\/2023\/11\/aa-1.png\" alt=\"\" class=\"wp-image-5950\" srcset=\"https:\/\/diabahia.com.br\/wp-content\/uploads\/2023\/11\/aa-1.png 608w, https:\/\/diabahia.com.br\/wp-content\/uploads\/2023\/11\/aa-1-300x280.png 300w\" sizes=\"auto, (max-width: 608px) 100vw, 608px\" \/><\/figure>\n\n\n\n<p>Fonte: iBahia <\/p>\n\n\n\n<p><\/p>\n","protected":false},"excerpt":{"rendered":"<p>Faltam pouco mais de 80 dias para o\u00a0Carnaval de Salvador. Em 2024, a maior festa de rua do planeta come\u00e7a oficialmente no dia 8 de fevereiro,\u00a0mas o calend\u00e1rio vai dar uma forcinha e a folia ter\u00e1 uma &#8220;vers\u00e3o estendida&#8221;, j\u00e1 que a festa de Iemanj\u00e1 vai acontecer logo antes das celebra\u00e7\u00f5es pr\u00e9-carnavalescas. Com tantos eventos, [&hellip;]<\/p>\n","protected":false},"author":2,"featured_media":5947,"comment_status":"open","ping_status":"open","sticky":false,"template":"","format":"standard","meta":{"footnotes":""},"categories":[98],"tags":[],"class_list":["post-5946","post","type-post","status-publish","format-standard","has-post-thumbnail","hentry","category-carnaval"],"_links":{"self":[{"href":"https:\/\/diabahia.com.br\/index.php\/wp-json\/wp\/v2\/posts\/5946","targetHints":{"allow":["GET"]}}],"collection":[{"href":"https:\/\/diabahia.com.br\/index.php\/wp-json\/wp\/v2\/posts"}],"about":[{"href":"https:\/\/diabahia.com.br\/index.php\/wp-json\/wp\/v2\/types\/post"}],"author":[{"embeddable":true,"href":"https:\/\/diabahia.com.br\/index.php\/wp-json\/wp\/v2\/users\/2"}],"replies":[{"embeddable":true,"href":"https:\/\/diabahia.com.br\/index.php\/wp-json\/wp\/v2\/comments?post=5946"}],"version-history":[{"count":0,"href":"https:\/\/diabahia.com.br\/index.php\/wp-json\/wp\/v2\/posts\/5946\/revisions"}],"wp:featuredmedia":[{"embeddable":true,"href":"https:\/\/diabahia.com.br\/index.php\/wp-json\/wp\/v2\/media\/5947"}],"wp:attachment":[{"href":"https:\/\/diabahia.com.br\/index.php\/wp-json\/wp\/v2\/media?parent=5946"}],"wp:term":[{"taxonomy":"category","embeddable":true,"href":"https:\/\/diabahia.com.br\/index.php\/wp-json\/wp\/v2\/categories?post=5946"},{"taxonomy":"post_tag","embeddable":true,"href":"https:\/\/diabahia.com.br\/index.php\/wp-json\/wp\/v2\/tags?post=5946"}],"curies":[{"name":"wp","href":"https:\/\/api.w.org\/{rel}","templated":true}]}}