{"id":5943,"date":"2023-11-28T11:16:20","date_gmt":"2023-11-28T14:16:20","guid":{"rendered":"https:\/\/diabahia.com.br\/?p=5943"},"modified":"2023-11-28T11:16:23","modified_gmt":"2023-11-28T14:16:23","slug":"muniz-convoca-vereadores-para-reuniao-e-debate-sobre-mudancas-de-iptu-e-itiv-ganha-sobrevida-na-camara-de-salvador","status":"publish","type":"post","link":"https:\/\/diabahia.com.br\/index.php\/2023\/11\/28\/muniz-convoca-vereadores-para-reuniao-e-debate-sobre-mudancas-de-iptu-e-itiv-ganha-sobrevida-na-camara-de-salvador\/","title":{"rendered":"Muniz convoca vereadores para reuni\u00e3o e debate sobre mudan\u00e7as de IPTU e ITIV ganha &#8216;sobrevida&#8217; na C\u00e2mara de Salvador"},"content":{"rendered":"\n<p>Inicialmente prevista para ser\u00a0apreciada na C\u00e2mara j\u00e1 nesta ter\u00e7a-feira (28), a mat\u00e9ria que trata sobre as mudan\u00e7as nos regimes de cobran\u00e7a do IPTU e do ITIV de Salvador ganhou mais um tempo para ser discutida. Isso porque o presidente da Casa, vereador Carlos Muniz (PSDB), convocou uma reuni\u00e3o para deliberar sobre o pacote apresentado pelo prefeito Bruno Reis no \u00faltimo dia 22 no \u00e2mbito das comiss\u00f5es tem\u00e1ticas do Legislativo municipal. O encontro deve ocorrer nesta quarta-feira (29), \u00e0s 11h.<\/p>\n\n\n\n<p>De acordo com informa\u00e7\u00f5es obtidas pelo Bahia Not\u00edcias, a prefeitura de Salvador chegou a procurar o vereador Edvaldo Brito (PSD), considerado uma das refer\u00eancias em Direito Tribut\u00e1rio do Brasil, antes de disponibilizar os projetos de lei de forma ampla. Brito elaborou diversas emendas, mas as sugest\u00f5es n\u00e3o devem passar frente aos vereadores da base de Bruno Reis (Uni\u00e3o).<\/p>\n\n\n\n<p>Um for\u00e7a-tarefa foi montada nesta segunda (22) envolvendo o prefeito, o secret\u00e1rio de Governo, Cac\u00e1 Le\u00e3o, e o presidente da C\u00e2mara, Carlos Muniz (PSDB). O objetivo, segundo interlocutores, \u00e9 que o pacote de medidas que beneficiam o setor imobili\u00e1rio passe sem grandes percal\u00e7os, aproveitando a bancada de Bruno no Legislativo soteropolitano. A mat\u00e9ria deve tramitar em regime de urg\u00eancia e as discuss\u00f5es pr\u00e9vias aconteceram nos bastidores, tanto que s\u00f3 foi poss\u00edvel identificar os projetos no sistema interno da C\u00e2mara na manh\u00e3 desta ter\u00e7a-feira.<\/p>\n\n\n\n<p>Caso aprovado, o pacote estar\u00e1 entre as mat\u00e9rias apreciadas em tempo recorde durante a gest\u00e3o de Muniz na C\u00e2mara de Salvador. Ao ser anunciado, Bruno tratou o tema como priorit\u00e1rio para gerar emprego e renda em Salvador. No evento, de uma incorporadora imobili\u00e1ria, o prefeito foi tratado como um grande incentivador\u00a0do mercado.<\/p>\n\n\n\n<p>Fonte: Bahia Not\u00edcias <\/p>\n","protected":false},"excerpt":{"rendered":"<p>Inicialmente prevista para ser\u00a0apreciada na C\u00e2mara j\u00e1 nesta ter\u00e7a-feira (28), a mat\u00e9ria que trata sobre as mudan\u00e7as nos regimes de cobran\u00e7a do IPTU e do ITIV de Salvador ganhou mais um tempo para ser discutida. Isso porque o presidente da Casa, vereador Carlos Muniz (PSDB), convocou uma reuni\u00e3o para deliberar sobre o pacote apresentado pelo [&hellip;]<\/p>\n","protected":false},"author":2,"featured_media":5944,"comment_status":"open","ping_status":"open","sticky":false,"template":"","format":"standard","meta":{"footnotes":""},"categories":[91],"tags":[],"class_list":["post-5943","post","type-post","status-publish","format-standard","has-post-thumbnail","hentry","category-politica"],"_links":{"self":[{"href":"https:\/\/diabahia.com.br\/index.php\/wp-json\/wp\/v2\/posts\/5943","targetHints":{"allow":["GET"]}}],"collection":[{"href":"https:\/\/diabahia.com.br\/index.php\/wp-json\/wp\/v2\/posts"}],"about":[{"href":"https:\/\/diabahia.com.br\/index.php\/wp-json\/wp\/v2\/types\/post"}],"author":[{"embeddable":true,"href":"https:\/\/diabahia.com.br\/index.php\/wp-json\/wp\/v2\/users\/2"}],"replies":[{"embeddable":true,"href":"https:\/\/diabahia.com.br\/index.php\/wp-json\/wp\/v2\/comments?post=5943"}],"version-history":[{"count":0,"href":"https:\/\/diabahia.com.br\/index.php\/wp-json\/wp\/v2\/posts\/5943\/revisions"}],"wp:featuredmedia":[{"embeddable":true,"href":"https:\/\/diabahia.com.br\/index.php\/wp-json\/wp\/v2\/media\/5944"}],"wp:attachment":[{"href":"https:\/\/diabahia.com.br\/index.php\/wp-json\/wp\/v2\/media?parent=5943"}],"wp:term":[{"taxonomy":"category","embeddable":true,"href":"https:\/\/diabahia.com.br\/index.php\/wp-json\/wp\/v2\/categories?post=5943"},{"taxonomy":"post_tag","embeddable":true,"href":"https:\/\/diabahia.com.br\/index.php\/wp-json\/wp\/v2\/tags?post=5943"}],"curies":[{"name":"wp","href":"https:\/\/api.w.org\/{rel}","templated":true}]}}