{"id":5899,"date":"2023-11-27T14:17:56","date_gmt":"2023-11-27T17:17:56","guid":{"rendered":"https:\/\/diabahia.com.br\/?p=5899"},"modified":"2023-11-27T14:17:58","modified_gmt":"2023-11-27T17:17:58","slug":"novo-bar-lgbtqiap-no-rio-vermelho-homenageia-beco-dos-artista","status":"publish","type":"post","link":"https:\/\/diabahia.com.br\/index.php\/2023\/11\/27\/novo-bar-lgbtqiap-no-rio-vermelho-homenageia-beco-dos-artista\/","title":{"rendered":"Novo bar LGBTQIAP+ no Rio Vermelho homenageia Beco dos Artista"},"content":{"rendered":"\n<p>O Beco dos Artistas, espa\u00e7o que j\u00e1 foi reduto tradicional da comunidade LGBTQIAP+ em Salvador, ser\u00e1 homenageado em novo bar e espa\u00e7o cultural. O local, que promete ser mais um espa\u00e7o de diversidade na capital baiana, ser\u00e1 inaugurado no dia 2 de dezembro, no\u00a0Rio Vermelho\u00a0(Rua Jo\u00e3o Gomes, 10 \u2013 Largo de Dinha).<\/p>\n\n\n\n<p>Sob dire\u00e7\u00e3o do cineasta Ary Rosa e do s\u00f3cio Henrique Barbierie, o\u00a0Bar Beco dos Artistas\u00a0vai contar com uma programa\u00e7\u00e3o focada no p\u00fablico que forma a sigla, mas aberta para todos. Exposi\u00e7\u00f5es, shows e concursos de drags, samba e feijoada na madrugada de s\u00e1bado para domingo s\u00e3o algumas das atividades que estar\u00e3o na agenda do espa\u00e7o.<\/p>\n\n\n\n<p>Segundo Ary, dois motivos foram cruciais para a abertura do bar: \u201cPrimeiro veio essa vontade de fazer uma homenagem ao Beco dos Artistas, que foi um acontecimento na cena de Salvador durante muitos anos, onde muitas pessoas se encontravam para compartilhar ideias, para se divertirem, se conhecerem, onde se sentiam bem. O outro motivo \u00e9 pensar em um espa\u00e7o de novidades, trazer novas bandas, trazer samba\u2026 Vai ter programa\u00e7\u00e3o de quarta a domingo e sempre com alguma tem\u00e1tica ou algum tipo de chamariz pro evento\u201d.<\/p>\n\n\n\n<h3 class=\"wp-block-heading\">Diferencial do Bar Beco dos Artistas<\/h3>\n\n\n\n<p>Nas madrugadas de s\u00e1bado para domingo, o novo ponto de encontro da comunidade promete ser uma parada obrigat\u00f3ria, pois, entre 03h e 09h da manh\u00e3, ser\u00e1 servida uma feijoada com samba. \u201cQuando as pessoas saem da balada, saem das festas, n\u00e3o tem para onde ir e querem comer aquele feij\u00e3o, querem continuar curtindo, ent\u00e3o o bar vai ter essa programa\u00e7\u00e3o onde vai ficar tocando samba e com feijoada no card\u00e1pio\u201d, completa o cineasta.<\/p>\n\n\n\n<p>Henrique Barbierie, que h\u00e1 nove anos atua como drag, \u00e9 formado em moda e tem experi\u00eancia em mixologia, vai usar o seu conhecimento nessas \u00e1reas para ampliar a programa\u00e7\u00e3o do espa\u00e7o para al\u00e9m do funcionamento como um bar. \u201cO Beco dos Artistas n\u00e3o era formado s\u00f3 por bares. Era uma experi\u00eancia mais ampla e \u00e9 isso que queremos fazer aqui. Teremos arte, exposi\u00e7\u00f5es, desfiles, m\u00fasica, trazendo tudo isso para o cen\u00e1rio do bar, com foco na cultura LGBTQIAPN+\u201d, promete.<\/p>\n\n\n\n<p>Fonte: iBahia <\/p>\n","protected":false},"excerpt":{"rendered":"<p>O Beco dos Artistas, espa\u00e7o que j\u00e1 foi reduto tradicional da comunidade LGBTQIAP+ em Salvador, ser\u00e1 homenageado em novo bar e espa\u00e7o cultural. O local, que promete ser mais um espa\u00e7o de diversidade na capital baiana, ser\u00e1 inaugurado no dia 2 de dezembro, no\u00a0Rio Vermelho\u00a0(Rua Jo\u00e3o Gomes, 10 \u2013 Largo de Dinha). Sob dire\u00e7\u00e3o do [&hellip;]<\/p>\n","protected":false},"author":2,"featured_media":5900,"comment_status":"open","ping_status":"open","sticky":false,"template":"","format":"standard","meta":{"footnotes":""},"categories":[85],"tags":[],"class_list":["post-5899","post","type-post","status-publish","format-standard","has-post-thumbnail","hentry","category-noticias"],"_links":{"self":[{"href":"https:\/\/diabahia.com.br\/index.php\/wp-json\/wp\/v2\/posts\/5899","targetHints":{"allow":["GET"]}}],"collection":[{"href":"https:\/\/diabahia.com.br\/index.php\/wp-json\/wp\/v2\/posts"}],"about":[{"href":"https:\/\/diabahia.com.br\/index.php\/wp-json\/wp\/v2\/types\/post"}],"author":[{"embeddable":true,"href":"https:\/\/diabahia.com.br\/index.php\/wp-json\/wp\/v2\/users\/2"}],"replies":[{"embeddable":true,"href":"https:\/\/diabahia.com.br\/index.php\/wp-json\/wp\/v2\/comments?post=5899"}],"version-history":[{"count":0,"href":"https:\/\/diabahia.com.br\/index.php\/wp-json\/wp\/v2\/posts\/5899\/revisions"}],"wp:featuredmedia":[{"embeddable":true,"href":"https:\/\/diabahia.com.br\/index.php\/wp-json\/wp\/v2\/media\/5900"}],"wp:attachment":[{"href":"https:\/\/diabahia.com.br\/index.php\/wp-json\/wp\/v2\/media?parent=5899"}],"wp:term":[{"taxonomy":"category","embeddable":true,"href":"https:\/\/diabahia.com.br\/index.php\/wp-json\/wp\/v2\/categories?post=5899"},{"taxonomy":"post_tag","embeddable":true,"href":"https:\/\/diabahia.com.br\/index.php\/wp-json\/wp\/v2\/tags?post=5899"}],"curies":[{"name":"wp","href":"https:\/\/api.w.org\/{rel}","templated":true}]}}