{"id":5796,"date":"2023-11-23T10:27:41","date_gmt":"2023-11-23T13:27:41","guid":{"rendered":"https:\/\/diabahia.com.br\/?p=5796"},"modified":"2023-11-23T10:27:43","modified_gmt":"2023-11-23T13:27:43","slug":"italo-rodrigues-projeta-2024-do-vitoria-e-diz-se-quer-ba-vi-na-serie-a","status":"publish","type":"post","link":"https:\/\/diabahia.com.br\/index.php\/2023\/11\/23\/italo-rodrigues-projeta-2024-do-vitoria-e-diz-se-quer-ba-vi-na-serie-a\/","title":{"rendered":"\u00cdtalo Rodrigues projeta 2024 do Vit\u00f3ria e diz se quer Ba-Vi na S\u00e9rie A"},"content":{"rendered":"\n<p>No dia 14 de mar\u00e7o de 2023, o presidente do Vit\u00f3ria, F\u00e1bio Mota, apresentava \u00e0 imprensa \u00cdtalo Rodrigues, 37 anos \u00e0 \u00e9poca, como novo diretor de futebol do clube. Quando o executivo chegou \u00e0 Toca, o time baiano j\u00e1 acumulava v\u00e1rias frustra\u00e7\u00f5es no ano, nas disputas do Baian\u00e3o e da Copa do Nordeste, e o cen\u00e1rio n\u00e3o era dos melhores.<\/p>\n\n\n\n<p>Com passagens por N\u00e1utico, Paysandu, CSA e tamb\u00e9m no Club Tacuary, do Paraguai, o dirigente chegou ao Rubro-Negro como substituto de Edgard Montemor, e tinha a miss\u00e3o de ajudar a reformular o elenco com o objetivo de brigar pelo acesso \u00e0 S\u00e9rie A. A miss\u00e3o foi cumprida e, oito meses ap\u00f3s a sua contrata\u00e7\u00e3o, \u00cdtalo colhe os bons frutos, resultado de muito trabalho, planejamento e do sucesso das pe\u00e7as contratadas.<\/p>\n\n\n\n<p>Ap\u00f3s a conquista dos objetivos (acesso e t\u00edtulo da S\u00e9rie B), o diretor est\u00e1 cheio de moral para 2024 e, em entrevista exclusiva ao\u00a0MASSA!, abriu o jogo e o cora\u00e7\u00e3o sobre a emo\u00e7\u00e3o diante das metas alcan\u00e7adas este ano pelo Vit\u00f3ria, detalhando tamb\u00e9m os planos do clube para pr\u00f3xima temporada.<\/p>\n\n\n\n<p><strong>Qual sentimento como diretor de futebol de conquistar um t\u00edtulo nacional com o Vit\u00f3ria?<\/strong><\/p>\n\n\n\n<p>\u00cdtalo Rodrigues &#8211;&nbsp;Eu n\u00e3o consigo descrever a sensa\u00e7\u00e3o em si, mas \u00e9 um misto de dever cumprido, realiza\u00e7\u00e3o profissional, de sonho. Minha ficha ainda n\u00e3o caiu porque a gente n\u00e3o parou de trabalhar. Ent\u00e3o a sensa\u00e7\u00e3o \u00e9 indescrit\u00edvel, algo que eu nunca sonhei com 38 anos em viver isso em um clube t\u00e3o grande como \u00e9 o Vit\u00f3ria.<\/p>\n\n\n\n<p><strong>Qual a sensa\u00e7\u00e3o de olhar para tr\u00e1s e perceber que as pe\u00e7as contratadas por meio do seu trabalho deram certo?<\/strong><\/p>\n\n\n\n<p>IR &#8211;&nbsp;\u00c9 uma sensa\u00e7\u00e3o muito boa e m\u00e9rito de todos. A gente aqui \u00e9 cercado por v\u00e1rios profissionais capacitados que conseguem extrair e ajudar nessa tomada de decis\u00e3o. Desde a minha apresenta\u00e7\u00e3o, a responsabilidade \u00e9 totalmente minha, jamais vou me isentar disso, mas hoje, com o t\u00edtulo da S\u00e9rie B \u00e9 uma sensa\u00e7\u00e3o muito gostosa. Incrivelmente de parar e pensar: caramba, deu muito mais certo do eu imaginava porque montar um time \u00e9 saber que vai errar em algum momento.<\/p>\n\n\n\n<p><strong>Voc\u00ea chegou no clube num momento cr\u00edtico. Como foi o processo para organizar o elenco?<\/strong><\/p>\n\n\n\n<p>IR &#8211;&nbsp;Eu acho que uma pessoa que aceita assumir esse cargo, antes de mais nada, ela precisa ter muita convic\u00e7\u00e3o, porque \u00e0s vezes a gente n\u00e3o pode se abater com as cr\u00edticas, assim como n\u00e3o pode se envaidecer com os elogios. Ent\u00e3o, quando eu cheguei, cheguei muito criticado e em nenhum momento isso me incomodava. Eu s\u00f3 queria uma oportunidade pra eu fazer e entregar um bom trabalho que \u00e9 o que o clube merece. Quando eu cheguei, o primeiro foco era o ambiente. O ambiente do Vit\u00f3ria estava muito desgastado, todo mundo muito abatido, desacreditado. E dentro desse contexto eu sabia que o perfil que a torcida esperava era de entrega. Primeiro de tudo eu precisava equilibrar. Pra esse time funcionar, L\u00e9o Gamalho funcionar, Osvaldo funcionar, que s\u00e3o jogadores um pouco mais velhos, precisava ter atletas jovens que se entregassem dentro de campo, que transpirassem, para que a t\u00e9cnica de outros sobressa\u00edsse.<\/p>\n\n\n\n<p><strong>Como voc\u00ea avalia todo apoio que o torcedor deu ao clube neste per\u00edodo?<\/strong><\/p>\n\n\n\n<p>IR &#8211;&nbsp;Foi fundamental, principalmente no in\u00edcio do campeonato, se eles n\u00e3o tivessem comprado a ideia naquele momento, que era um momento de muita d\u00favida e muito receio. Internamente a gente tinha muita convic\u00e7\u00e3o de tudo que est\u00e1vamos fazendo, mas externamente eles se doaram, acreditaram, vieram por amor e n\u00e3o pelo resultado. Sem d\u00favida alguma, o torcedor venceu o jogo com a gente, principalmente aqueles que vencemos com gol no final, como CRB e Chapecoense.<\/p>\n\n\n\n<p><strong>Qual o planejamento para 2024? Manter a base do time?<\/strong><\/p>\n\n\n\n<p>IR &#8211;&nbsp;A gente acredita que manter uma base \u00e9 muito importante por v\u00e1rios aspectos, dentre eles o estilo, a gest\u00e3o, os profissionais que a gente tem. Ent\u00e3o a ideia \u00e9 manter, sim a base para que a\u00ed a gente comece a somar com as novas chegadas e ter um time bem competitivo.<\/p>\n\n\n\n<p><strong>Pensa em trazer quantos refor\u00e7os para 2024? Quais posi\u00e7\u00f5es? J\u00e1 existe algu\u00e9m em negocia\u00e7\u00e3o?<\/strong><\/p>\n\n\n\n<p>IR &#8211;&nbsp;A gente tem um planejamento bem antecipado. At\u00e9 agosto e in\u00edcio de setembro a gente j\u00e1 estava com um planejamento naquele momento com dois cen\u00e1rios: podia ser S\u00e9rie B ou S\u00e9rie A. Gra\u00e7as a Deus a S\u00e9rie A se confirmou. Eu nunca aponto quantidade, porque quando voc\u00ea aponta um n\u00famero acaba ficando ref\u00e9m. Acredito que a gente precisa de um elenco pro in\u00edcio do ano com 32 a 35 atletas.<\/p>\n\n\n\n<p><strong>Dos jogadores com contrato at\u00e9 fim de 2023, quais pretende renovar? J\u00e1 est\u00e1 em negocia\u00e7\u00e3o?<\/strong><\/p>\n\n\n\n<p>IR &#8211;\u00a0Eu n\u00e3o cito nomes. Como falei, quando voc\u00ea cita um nome, acaba se tornando ref\u00e9m. Uma renova\u00e7\u00e3o ou contrata\u00e7\u00e3o depende de v\u00e1rios aspectos.<\/p>\n\n\n\n<p><strong>De onde vai tirar dinheiro para investir no clube em 2024 e trazer jogadores de S\u00e9rie A?<\/strong><\/p>\n\n\n\n<p>IR &#8211;&nbsp;O clube vem se organizando n\u00e3o s\u00f3 no futebol. Eu acho que se no futebol conseguiu conquistar o primeiro t\u00edtulo nacional \u00e9 porque os outros departamentos tamb\u00e9m t\u00eam feito seu papel e funcionado t\u00e3o bem que t\u00eam atra\u00eddo recursos e sendo bem administrados.<\/p>\n\n\n\n<p><strong>O Vit\u00f3ria pretende investir mais na divis\u00e3o de base em 2024? Revelar mais atletas para o time profissional?<\/strong><\/p>\n\n\n\n<p>IR &#8211;&nbsp;Esse ano a gente j\u00e1 negociou alguns atletas que n\u00e3o colocaram nem o p\u00e9 no profissional, ent\u00e3o, isso a\u00ed mostra que o trabalho vem sendo bem feito na base. Para o ano que vem, a gente tem que fazer com que esses atletas da base saiam um pouco do eixo da Bahia ou do Nordeste, e passem a competir num n\u00edvel maior. A partir da\u00ed sim, ter esses atletas mais preparados para serem utilizados no profissional.<\/p>\n\n\n\n<p><strong>Voc\u00ea acha que vai ter Ba-Vi na S\u00e9rie A de 2024?<\/strong><\/p>\n\n\n\n<p>IR &#8211;&nbsp;Como profissional, eu espero que sim. Porque eu acho que no final das contas todo mundo s\u00f3 tem a ganhar: de torcida, de rivalidade, de inspira\u00e7\u00e3o, de sempre querer fazer o melhor. Mas como torcedor do Vit\u00f3ria, a gente sabe que n\u00e3o \u00e9 o desejo da nossa torcida, porque a torcida gosta da provoca\u00e7\u00e3o, da brincadeira. Isso n\u00e3o preocupa. N\u00e3o perco um minuto de tempo pra ver, nem pra torcer contra, nem pra assistir nenhum jogo no nosso rival, a n\u00e3o ser que tenha interesse em algum atleta que est\u00e1 jogando contra ele.<\/p>\n\n\n\n<p><strong>Acredita que com o retorno do clube \u00e0 elite, jogadores passar\u00e3o a demonstrar ou aceitar interesse em jogar no Vit\u00f3ria?<\/strong><\/p>\n\n\n\n<p>IR &#8211;&nbsp;Eu acho que quanto \u00e0 quest\u00e3o financeira, sim. O que a gente tem que construir e a\u00ed depende muito do perfil dos atletas \u00e9 que a gente v\u00e1 fazer uma S\u00e9rie A consistente. Talvez, a d\u00favida do mercado seja muito mais quanto a isso. E a gente como negociador precisa estar muito bem organizado.<\/p>\n\n\n\n<p><strong>Qual mensagem deixa para o torcedor do Vit\u00f3ria visando 2024?<\/strong><\/p>\n\n\n\n<p>IR &#8211;&nbsp;Acho que tem sido uma marca esse casamento de torcida, clube, funcion\u00e1rios, todo mundo junto. Acho que ano que vem \u00e9 importante a torcida ter consci\u00eancia que ser\u00e1 um ano muito duro, mas que ele continue fazendo esse papel de apoio porque \u00e9 a fase boa passa, a fase ruim passa, a\u00ed vem a fase boa de novo.<\/p>\n\n\n\n<p>Fonte: ATarde <a href=\"https:\/\/news.google.com\/publications\/CAAqBwgKMIWwpgsw7bq-Aw?ceid=BR:pt-419&amp;oc=3\"><\/a><\/p>\n","protected":false},"excerpt":{"rendered":"<p>No dia 14 de mar\u00e7o de 2023, o presidente do Vit\u00f3ria, F\u00e1bio Mota, apresentava \u00e0 imprensa \u00cdtalo Rodrigues, 37 anos \u00e0 \u00e9poca, como novo diretor de futebol do clube. Quando o executivo chegou \u00e0 Toca, o time baiano j\u00e1 acumulava v\u00e1rias frustra\u00e7\u00f5es no ano, nas disputas do Baian\u00e3o e da Copa do Nordeste, e o [&hellip;]<\/p>\n","protected":false},"author":2,"featured_media":5797,"comment_status":"open","ping_status":"open","sticky":false,"template":"","format":"standard","meta":{"footnotes":""},"categories":[89],"tags":[],"class_list":["post-5796","post","type-post","status-publish","format-standard","has-post-thumbnail","hentry","category-esportes"],"_links":{"self":[{"href":"https:\/\/diabahia.com.br\/index.php\/wp-json\/wp\/v2\/posts\/5796","targetHints":{"allow":["GET"]}}],"collection":[{"href":"https:\/\/diabahia.com.br\/index.php\/wp-json\/wp\/v2\/posts"}],"about":[{"href":"https:\/\/diabahia.com.br\/index.php\/wp-json\/wp\/v2\/types\/post"}],"author":[{"embeddable":true,"href":"https:\/\/diabahia.com.br\/index.php\/wp-json\/wp\/v2\/users\/2"}],"replies":[{"embeddable":true,"href":"https:\/\/diabahia.com.br\/index.php\/wp-json\/wp\/v2\/comments?post=5796"}],"version-history":[{"count":0,"href":"https:\/\/diabahia.com.br\/index.php\/wp-json\/wp\/v2\/posts\/5796\/revisions"}],"wp:featuredmedia":[{"embeddable":true,"href":"https:\/\/diabahia.com.br\/index.php\/wp-json\/wp\/v2\/media\/5797"}],"wp:attachment":[{"href":"https:\/\/diabahia.com.br\/index.php\/wp-json\/wp\/v2\/media?parent=5796"}],"wp:term":[{"taxonomy":"category","embeddable":true,"href":"https:\/\/diabahia.com.br\/index.php\/wp-json\/wp\/v2\/categories?post=5796"},{"taxonomy":"post_tag","embeddable":true,"href":"https:\/\/diabahia.com.br\/index.php\/wp-json\/wp\/v2\/tags?post=5796"}],"curies":[{"name":"wp","href":"https:\/\/api.w.org\/{rel}","templated":true}]}}