{"id":5793,"date":"2023-11-23T10:15:06","date_gmt":"2023-11-23T13:15:06","guid":{"rendered":"https:\/\/diabahia.com.br\/?p=5793"},"modified":"2023-11-23T10:15:08","modified_gmt":"2023-11-23T13:15:08","slug":"lula-convida-pacheco-para-viagem-ao-oriente-medio-e-alemanha","status":"publish","type":"post","link":"https:\/\/diabahia.com.br\/index.php\/2023\/11\/23\/lula-convida-pacheco-para-viagem-ao-oriente-medio-e-alemanha\/","title":{"rendered":"Lula convida Pacheco para viagem ao Oriente M\u00e9dio e Alemanha"},"content":{"rendered":"\n<p>O presidente Luiz In\u00e1cio Lula da Silva (PT) convidou o presidente do Senado, Rodrigo Pacheco (PSD-MG), para a viagem de 10 dias que far\u00e1 por pa\u00edses do Oriente M\u00e9dio e pela Alemanha. O petista embarcar\u00e1 para o tour internacional na segunda-feira (27). No roteiro, est\u00e3o previstas vistas a Ar\u00e1bia Saudita, Catar, Dubai (onde participar\u00e1 da COP28) e Berlim.<\/p>\n\n\n\n<p>Pacheco sinalizou que deve aceitar o convite. Aliados ponderam, contudo, que ele pode mudar de ideia, caso Lula envie sua indica\u00e7\u00e3o para a PGR antes da viagem, conforme publicado pelo\u00a0Metr\u00f3poles.<\/p>\n\n\n\n<p>Nesse caso, dizem esses aliados, Pacheco pode acabar optando por ficando no Brasil para organizar a sabatina e a vota\u00e7\u00e3o da indica\u00e7\u00e3o do novo PGR no Senado.<\/p>\n\n\n\n<p>Fonte: Bahia Not\u00edcias <\/p>\n","protected":false},"excerpt":{"rendered":"<p>O presidente Luiz In\u00e1cio Lula da Silva (PT) convidou o presidente do Senado, Rodrigo Pacheco (PSD-MG), para a viagem de 10 dias que far\u00e1 por pa\u00edses do Oriente M\u00e9dio e pela Alemanha. O petista embarcar\u00e1 para o tour internacional na segunda-feira (27). No roteiro, est\u00e3o previstas vistas a Ar\u00e1bia Saudita, Catar, Dubai (onde participar\u00e1 da [&hellip;]<\/p>\n","protected":false},"author":2,"featured_media":5794,"comment_status":"open","ping_status":"open","sticky":false,"template":"","format":"standard","meta":{"footnotes":""},"categories":[91],"tags":[],"class_list":["post-5793","post","type-post","status-publish","format-standard","has-post-thumbnail","hentry","category-politica"],"_links":{"self":[{"href":"https:\/\/diabahia.com.br\/index.php\/wp-json\/wp\/v2\/posts\/5793","targetHints":{"allow":["GET"]}}],"collection":[{"href":"https:\/\/diabahia.com.br\/index.php\/wp-json\/wp\/v2\/posts"}],"about":[{"href":"https:\/\/diabahia.com.br\/index.php\/wp-json\/wp\/v2\/types\/post"}],"author":[{"embeddable":true,"href":"https:\/\/diabahia.com.br\/index.php\/wp-json\/wp\/v2\/users\/2"}],"replies":[{"embeddable":true,"href":"https:\/\/diabahia.com.br\/index.php\/wp-json\/wp\/v2\/comments?post=5793"}],"version-history":[{"count":0,"href":"https:\/\/diabahia.com.br\/index.php\/wp-json\/wp\/v2\/posts\/5793\/revisions"}],"wp:featuredmedia":[{"embeddable":true,"href":"https:\/\/diabahia.com.br\/index.php\/wp-json\/wp\/v2\/media\/5794"}],"wp:attachment":[{"href":"https:\/\/diabahia.com.br\/index.php\/wp-json\/wp\/v2\/media?parent=5793"}],"wp:term":[{"taxonomy":"category","embeddable":true,"href":"https:\/\/diabahia.com.br\/index.php\/wp-json\/wp\/v2\/categories?post=5793"},{"taxonomy":"post_tag","embeddable":true,"href":"https:\/\/diabahia.com.br\/index.php\/wp-json\/wp\/v2\/tags?post=5793"}],"curies":[{"name":"wp","href":"https:\/\/api.w.org\/{rel}","templated":true}]}}