{"id":5316,"date":"2023-11-08T13:34:59","date_gmt":"2023-11-08T16:34:59","guid":{"rendered":"https:\/\/diabahia.com.br\/?p=5316"},"modified":"2023-11-08T13:35:02","modified_gmt":"2023-11-08T16:35:02","slug":"observatorio-aponta-que-2023-deve-ser-o-ano-mais-quente-dos-ultimos-125-mil-anos","status":"publish","type":"post","link":"https:\/\/diabahia.com.br\/index.php\/2023\/11\/08\/observatorio-aponta-que-2023-deve-ser-o-ano-mais-quente-dos-ultimos-125-mil-anos\/","title":{"rendered":"Observat\u00f3rio aponta que 2023 deve ser o ano mais quente dos \u00faltimos 125 mil anos"},"content":{"rendered":"\n<p>Cientistas do observat\u00f3rio europeu Copernicus apontaram nesta quarta-feira (8) que 2023 deve ser o ano mais quente dos \u00faltimos 125 mil anos da hist\u00f3ria mundial.&nbsp;<\/p>\n\n\n\n<p>Os dados indicaram que outubro foi o m\u00eas mais quente do mundo neste ano. O m\u00eas chegou a superar o recorde de temperatura de outubro do ano passado e de 2019, por uma grande diferen\u00e7a, de acordo com o Servi\u00e7o de Mudan\u00e7as Clim\u00e1ticas Copernicus (C3S) da Uni\u00e3o Europeia.<\/p>\n\n\n\n<p>A marca foi quebrada por 0,4 graus Celsius, registro que \u00e9 considerado uma grande margem.<\/p>\n\n\n\n<p>A vice-diretora do C3S descreveu a anomalia de temperatura de outubro como \u201cmuito extrema\u201d.<\/p>\n\n\n\n<p>Segundo publica\u00e7\u00e3o do G1, o observat\u00f3rio considerou ainda que o m\u00eas quebrou uma s\u00e9rie de recordes, sendo o mais quente j\u00e1 registrado no mundo, com uma temperatura m\u00e9dia do ar \u00e0 superf\u00edcie de 15,30\u00b0C, 0,85\u00b0C acima da m\u00e9dia de outubro de 1991-2020 e 0,40\u00b0C acima do outubro mais quente anterior, em 2019.<\/p>\n\n\n\n<p>Outubro deste ano no geral foi 1,7\u00b0C mais quente do que uma estimativa da m\u00e9dia do mesmo m\u00eas entre 1850-1900, o per\u00edodo de refer\u00eancia pr\u00e9-industrial. Os cientistas explicaram tamb\u00e9m que o calor extremo seria um desdobramento das cont\u00ednuas emiss\u00f5es de gases com efeito de estufa relacionadas com o El Ni\u00f1o, respons\u00e1vel&nbsp;por aquecer as \u00e1guas superficiais no leste do Oceano Pac\u00edfico.<\/p>\n\n\n\n<p>A quantidade de dias que ultrapassou o limite de aquecimento politicamente significativo j\u00e1 tinha sido registrada em julho deste ano, quando o per\u00edodo foi o m\u00eas mais quente em 120 mil anos. J\u00e1 as temperaturas m\u00e9dias de setembro quebraram o recorde anterior em 0,5\u00b0 C.\u00a0<\/p>\n\n\n\n<p>Fonte: Bahia Not\u00edcias <\/p>\n","protected":false},"excerpt":{"rendered":"<p>Cientistas do observat\u00f3rio europeu Copernicus apontaram nesta quarta-feira (8) que 2023 deve ser o ano mais quente dos \u00faltimos 125 mil anos da hist\u00f3ria mundial.&nbsp; Os dados indicaram que outubro foi o m\u00eas mais quente do mundo neste ano. O m\u00eas chegou a superar o recorde de temperatura de outubro do ano passado e de [&hellip;]<\/p>\n","protected":false},"author":2,"featured_media":5317,"comment_status":"open","ping_status":"open","sticky":false,"template":"","format":"standard","meta":{"footnotes":""},"categories":[97],"tags":[],"class_list":["post-5316","post","type-post","status-publish","format-standard","has-post-thumbnail","hentry","category-previsao"],"_links":{"self":[{"href":"https:\/\/diabahia.com.br\/index.php\/wp-json\/wp\/v2\/posts\/5316","targetHints":{"allow":["GET"]}}],"collection":[{"href":"https:\/\/diabahia.com.br\/index.php\/wp-json\/wp\/v2\/posts"}],"about":[{"href":"https:\/\/diabahia.com.br\/index.php\/wp-json\/wp\/v2\/types\/post"}],"author":[{"embeddable":true,"href":"https:\/\/diabahia.com.br\/index.php\/wp-json\/wp\/v2\/users\/2"}],"replies":[{"embeddable":true,"href":"https:\/\/diabahia.com.br\/index.php\/wp-json\/wp\/v2\/comments?post=5316"}],"version-history":[{"count":0,"href":"https:\/\/diabahia.com.br\/index.php\/wp-json\/wp\/v2\/posts\/5316\/revisions"}],"wp:featuredmedia":[{"embeddable":true,"href":"https:\/\/diabahia.com.br\/index.php\/wp-json\/wp\/v2\/media\/5317"}],"wp:attachment":[{"href":"https:\/\/diabahia.com.br\/index.php\/wp-json\/wp\/v2\/media?parent=5316"}],"wp:term":[{"taxonomy":"category","embeddable":true,"href":"https:\/\/diabahia.com.br\/index.php\/wp-json\/wp\/v2\/categories?post=5316"},{"taxonomy":"post_tag","embeddable":true,"href":"https:\/\/diabahia.com.br\/index.php\/wp-json\/wp\/v2\/tags?post=5316"}],"curies":[{"name":"wp","href":"https:\/\/api.w.org\/{rel}","templated":true}]}}