{"id":5197,"date":"2023-11-01T14:04:27","date_gmt":"2023-11-01T17:04:27","guid":{"rendered":"https:\/\/diabahia.com.br\/?p=5197"},"modified":"2023-11-01T14:08:28","modified_gmt":"2023-11-01T17:08:28","slug":"fotos-do-corpo-de-amendoim-sao-compartilhadas-na-web-entenda-o-crime","status":"publish","type":"post","link":"https:\/\/diabahia.com.br\/index.php\/2023\/11\/01\/fotos-do-corpo-de-amendoim-sao-compartilhadas-na-web-entenda-o-crime\/","title":{"rendered":"Fotos do corpo de Amendoim s\u00e3o compartilhadas na web; entenda o crime"},"content":{"rendered":"\n<p>Imagens do corpo do influenciador Rodrigo Amendoim,&nbsp;encontrado morto em seu apartamento&nbsp;em Lauro de Freitas no s\u00e1bado, 28, foram vazadas e est\u00e3o sendo compartilhadas em redes sociais.<\/p>\n\n\n\n<p>Compartilhar ou armazenar imagens de pessoas falecidas \u00e9 considerado crime contra o respeito aos mortos, previsto no artigo 212 do C\u00f3digo Penal Brasileiro, e tem pena prevista de um a tr\u00eas anos de deten\u00e7\u00e3o e multa.<\/p>\n\n\n\n<p>O vilip\u00eandio ao cad\u00e1ver refere-se a um ato de desrespeito, profana\u00e7\u00e3o ou ultraje ao corpo de uma pessoa falecida. Isso pode incluir a\u00e7\u00f5es como vandalismo em t\u00famulos, mutila\u00e7\u00e3o de cad\u00e1veres ou qualquer ato que desonre a mem\u00f3ria ou a dignidade do falecido.<\/p>\n\n\n\n<p>Outros artigos do C\u00f3digo Penal, al\u00e9m 212, tamb\u00e9m criminalizam condutas contra pessoas mortas. O 209 prev\u00ea de um m\u00eas a um ano ou multa a quem impedir ou perturbar enterro ou cerim\u00f4nia funer\u00e1ria.<\/p>\n\n\n\n<p>O artigo 210 prev\u00ea de um a tr\u00eas anos e multa a quem violar ou profanar sepultura ou urna funer\u00e1ria. J\u00e1 o artigo 211 prev\u00ea pena de um a tr\u00eas anos e multa a quem destruir, subtrair ou ocultar cad\u00e1ver ou parte dele.<\/p>\n\n\n\n<p><strong>Em caso de depress\u00e3o ou suspeita, procure ajuda!<\/strong><\/p>\n\n\n\n<p>Se voc\u00ea est\u00e1 ou conhece algu\u00e9m que est\u00e1 enfrentando problemas depressivos ou tendo pensamentos suicidas, ofere\u00e7a ajuda e acolha. N\u00e3o fique calado. Pe\u00e7a ajuda. Voc\u00ea n\u00e3o est\u00e1 sozinho (a).<\/p>\n\n\n\n<p>Ligue para o CVV \u2013 Centro de Valoriza\u00e7\u00e3o da Vida, no n\u00famero 188 ou entre no site. O CVV realiza apoio emocional e preven\u00e7\u00e3o do suic\u00eddio, atendendo volunt\u00e1ria e gratuitamente todas as pessoas que querem e precisam conversar, sob total sigilo por telefone, e-mail e chat.<\/p>\n\n\n\n<p>Fonte: ATarde <\/p>\n","protected":false},"excerpt":{"rendered":"<p>Imagens do corpo do influenciador Rodrigo Amendoim,&nbsp;encontrado morto em seu apartamento&nbsp;em Lauro de Freitas no s\u00e1bado, 28, foram vazadas e est\u00e3o sendo compartilhadas em redes sociais. Compartilhar ou armazenar imagens de pessoas falecidas \u00e9 considerado crime contra o respeito aos mortos, previsto no artigo 212 do C\u00f3digo Penal Brasileiro, e tem pena prevista de um [&hellip;]<\/p>\n","protected":false},"author":2,"featured_media":5198,"comment_status":"open","ping_status":"open","sticky":false,"template":"","format":"standard","meta":{"footnotes":""},"categories":[85],"tags":[],"class_list":["post-5197","post","type-post","status-publish","format-standard","has-post-thumbnail","hentry","category-noticias"],"_links":{"self":[{"href":"https:\/\/diabahia.com.br\/index.php\/wp-json\/wp\/v2\/posts\/5197","targetHints":{"allow":["GET"]}}],"collection":[{"href":"https:\/\/diabahia.com.br\/index.php\/wp-json\/wp\/v2\/posts"}],"about":[{"href":"https:\/\/diabahia.com.br\/index.php\/wp-json\/wp\/v2\/types\/post"}],"author":[{"embeddable":true,"href":"https:\/\/diabahia.com.br\/index.php\/wp-json\/wp\/v2\/users\/2"}],"replies":[{"embeddable":true,"href":"https:\/\/diabahia.com.br\/index.php\/wp-json\/wp\/v2\/comments?post=5197"}],"version-history":[{"count":0,"href":"https:\/\/diabahia.com.br\/index.php\/wp-json\/wp\/v2\/posts\/5197\/revisions"}],"wp:featuredmedia":[{"embeddable":true,"href":"https:\/\/diabahia.com.br\/index.php\/wp-json\/wp\/v2\/media\/5198"}],"wp:attachment":[{"href":"https:\/\/diabahia.com.br\/index.php\/wp-json\/wp\/v2\/media?parent=5197"}],"wp:term":[{"taxonomy":"category","embeddable":true,"href":"https:\/\/diabahia.com.br\/index.php\/wp-json\/wp\/v2\/categories?post=5197"},{"taxonomy":"post_tag","embeddable":true,"href":"https:\/\/diabahia.com.br\/index.php\/wp-json\/wp\/v2\/tags?post=5197"}],"curies":[{"name":"wp","href":"https:\/\/api.w.org\/{rel}","templated":true}]}}