{"id":5193,"date":"2023-11-01T13:53:31","date_gmt":"2023-11-01T16:53:31","guid":{"rendered":"https:\/\/diabahia.com.br\/?p=5193"},"modified":"2023-11-01T13:53:32","modified_gmt":"2023-11-01T16:53:32","slug":"minha-vida-e-muito-organizada-diz-ivete-sangalo-sobre-conciliar-vida-pessoal-e-profissional","status":"publish","type":"post","link":"https:\/\/diabahia.com.br\/index.php\/2023\/11\/01\/minha-vida-e-muito-organizada-diz-ivete-sangalo-sobre-conciliar-vida-pessoal-e-profissional\/","title":{"rendered":"\u201cMinha vida \u00e9 muito organizada\u201d, diz Ivete Sangalo sobre conciliar vida pessoal e profissional"},"content":{"rendered":"\n<p>Quem v\u00ea Ivete Sangalo em uma rotina louca de shows e compromissos profissionais se pergunta se h\u00e1 tempo na agenda para deixar um pouco a vida de artista de lado para viver a vida como Ivete Maria, m\u00e3e de Marcelo, Marina e Helena.<\/p>\n\n\n\n<p>Aos 51 anos, a cantora garante que o tempo de carreira funcionou como uma escola para aprender a administrar o tempo e saber dividir o pessoal do profissional. Em conversa com os seguidores, Ivete revelou que n\u00e3o deixa a vida nos palcos interferir no papel como m\u00e3e e esposa e consegue aproveitar os dois lados.<\/p>\n\n\n\n<p>\u201cEu organizo minha vida de uma maneira que \u00e9 muito confort\u00e1vel, n\u00e3o tenho do que reclamar. Eu trabalho bastante, mas eu aprendi a otimizar o meu trabalho e como eu j\u00e1 fa\u00e7o meu trabalho h\u00e1 muito tempo, eu consigo em um tempo mais reduzido concluir o que me proponho a fazer. Mas eu tenho muita sorte, minha vida \u00e9 muito organizada nesse sentido. Acreditem, eu fico muito tempo com meus filhos e meu marido em casa. Tem umas semanas que s\u00e3o mais power, mas fico sim\u201d, contou.<\/p>\n\n\n\n<p>Durante o bate-papo a cantora ainda falou sobre os cuidados com o corpo. A artista, que vem pegando pesado no treino desde o in\u00edcio da prepara\u00e7\u00e3o para a turn\u00ea em comemora\u00e7\u00e3o aos 30 anos de carreira, revelou que apesar dos elogios, n\u00e3o tem feito nada de diferente do que costuma fazer.<\/p>\n\n\n\n<p>\u201cDe verdade, o corpo t\u00e1 babado porque t\u00e1 saud\u00e1vel. N\u00e3o \u00e9 aquele babado \u2018ah, t\u00e1 trincado\u2019. Nunca vivi isso, mas vivi sempre um corpo saud\u00e1vel. E frequ\u00eancia, frequ\u00eancia \u00e9 tudo. E cada um aceitar o seu corpinho do jeito que \u00e9, mostre o que gosta mais de mostrar, esconder o que no gosta. Mais sa\u00fade. E const\u00e2ncia\u201d, disse.<\/p>\n\n\n\n<p>Fonte: Bahia Not\u00edcias <\/p>\n","protected":false},"excerpt":{"rendered":"<p>Quem v\u00ea Ivete Sangalo em uma rotina louca de shows e compromissos profissionais se pergunta se h\u00e1 tempo na agenda para deixar um pouco a vida de artista de lado para viver a vida como Ivete Maria, m\u00e3e de Marcelo, Marina e Helena. Aos 51 anos, a cantora garante que o tempo de carreira funcionou [&hellip;]<\/p>\n","protected":false},"author":2,"featured_media":5194,"comment_status":"open","ping_status":"open","sticky":false,"template":"","format":"standard","meta":{"footnotes":""},"categories":[93],"tags":[],"class_list":["post-5193","post","type-post","status-publish","format-standard","has-post-thumbnail","hentry","category-entretenimento"],"_links":{"self":[{"href":"https:\/\/diabahia.com.br\/index.php\/wp-json\/wp\/v2\/posts\/5193","targetHints":{"allow":["GET"]}}],"collection":[{"href":"https:\/\/diabahia.com.br\/index.php\/wp-json\/wp\/v2\/posts"}],"about":[{"href":"https:\/\/diabahia.com.br\/index.php\/wp-json\/wp\/v2\/types\/post"}],"author":[{"embeddable":true,"href":"https:\/\/diabahia.com.br\/index.php\/wp-json\/wp\/v2\/users\/2"}],"replies":[{"embeddable":true,"href":"https:\/\/diabahia.com.br\/index.php\/wp-json\/wp\/v2\/comments?post=5193"}],"version-history":[{"count":0,"href":"https:\/\/diabahia.com.br\/index.php\/wp-json\/wp\/v2\/posts\/5193\/revisions"}],"wp:featuredmedia":[{"embeddable":true,"href":"https:\/\/diabahia.com.br\/index.php\/wp-json\/wp\/v2\/media\/5194"}],"wp:attachment":[{"href":"https:\/\/diabahia.com.br\/index.php\/wp-json\/wp\/v2\/media?parent=5193"}],"wp:term":[{"taxonomy":"category","embeddable":true,"href":"https:\/\/diabahia.com.br\/index.php\/wp-json\/wp\/v2\/categories?post=5193"},{"taxonomy":"post_tag","embeddable":true,"href":"https:\/\/diabahia.com.br\/index.php\/wp-json\/wp\/v2\/tags?post=5193"}],"curies":[{"name":"wp","href":"https:\/\/api.w.org\/{rel}","templated":true}]}}