{"id":5137,"date":"2023-10-31T13:21:49","date_gmt":"2023-10-31T16:21:49","guid":{"rendered":"https:\/\/diabahia.com.br\/?p=5137"},"modified":"2023-10-31T13:21:51","modified_gmt":"2023-10-31T16:21:51","slug":"salvador-inicia-operacao-verao-sem-mosquito-2023-2024","status":"publish","type":"post","link":"https:\/\/diabahia.com.br\/index.php\/2023\/10\/31\/salvador-inicia-operacao-verao-sem-mosquito-2023-2024\/","title":{"rendered":"Salvador inicia Opera\u00e7\u00e3o Ver\u00e3o sem Mosquito 2023\/2024"},"content":{"rendered":"\n<p>Com a proximidade do ver\u00e3o, em que h\u00e1 presen\u00e7a de temperaturas elevadas e ocorr\u00eancia de chuvas r\u00e1pidas, condi\u00e7\u00f5es prop\u00edcias \u00e0 infesta\u00e7\u00e3o do mosquito Aedes aegypti, a Secretaria Municipal da Sa\u00fade (SMS), atrav\u00e9s do Centro de Controle de Zoonoses (CCZ), j\u00e1 iniciou a intensifica\u00e7\u00e3o de a\u00e7\u00f5es de controle e combate \u00e0s arboviroses. A Opera\u00e7\u00e3o Ver\u00e3o sem Mosquito 2023\/2024 conta com a\u00e7\u00f5es de Levantamento R\u00e1pido de \u00cdndice para o Aedes aegypti (LIRAa) \u2013 e seguir\u00e1 com diversas a\u00e7\u00f5es at\u00e9 mar\u00e7o de 2024, atuando efetivamente em diversas localidades contra chikungunya, dengue, febre amarela e zika.&nbsp;<\/p>\n\n\n\n<p>\u201cSer\u00e3o seis meses de intensifica\u00e7\u00e3o das atividades de combate e preven\u00e7\u00e3o ao mosquito Aedes, em todos os distritos sanit\u00e1rios da cidade. Nesse per\u00edodo, contamos com a parceria da popula\u00e7\u00e3o para que possamos, juntos, garantir a elimina\u00e7\u00e3o dos criadouros do mosquito e romper a cadeia de transmiss\u00e3o destas doen\u00e7as\u201d, convoca a vice-prefeita e secret\u00e1ria da SMS, Ana Paula Matos.&nbsp;<\/p>\n\n\n\n<p>Diversas localidades como escolas, museus, terminais, eventos populares, escolas, hot\u00e9is e pousadas, estabelecimentos de sa\u00fade, condom\u00ednios residenciais e col\u00f4nias de pescadores contar\u00e3o com a inspe\u00e7\u00e3o e tratamento realizados pelos mais de 1,2 mil agentes de combate \u00e0s endemias mobilizados, priorizando-se as localidades onde h\u00e1 maior movimenta\u00e7\u00e3o de pessoas. Al\u00e9m disso, ser\u00e3o realizadas caminhadas e a\u00e7\u00f5es educativas. A opera\u00e7\u00e3o prossegue de forma ininterrupta at\u00e9 mar\u00e7o de 2024.&nbsp;<\/p>\n\n\n\n<p><strong>Finados \u2013<\/strong>&nbsp;Dentre os locais visitados, na semana passada, estiveram os cemit\u00e9rios p\u00fablicos e privados da cidade, devido \u00e0 proximidade do Dia de Finados (2 de novembro). Os agentes realizaram inspe\u00e7\u00e3o e preven\u00e7\u00e3o, com aplica\u00e7\u00e3o de inseticida e orienta\u00e7\u00f5es para as pessoas que v\u00e3o prestar homenagens aos entes queridos. &nbsp;<\/p>\n\n\n\n<p>De acordo com Isolina Miguez, coordenadora do CCZ, os cemit\u00e9rios costumam ser locais que atraem os mosquitos e que nesse per\u00edodo, quando h\u00e1 maior circula\u00e7\u00e3o de pessoas, \u00e9 necess\u00e1rio redobrar os cuidados preventivos. \u201c\u00c9 comum ter mosquitos circulando pelos cemit\u00e9rios, por isso aten\u00e7\u00e3o deve ser dobrada principalmente com a aproxima\u00e7\u00e3o do dia de finados quando a movimenta\u00e7\u00e3o nos cemit\u00e9rios costuma ser intensa\u201d, pontuou. &nbsp;<\/p>\n\n\n\n<p>Aos visitantes, a SMS orienta que n\u00e3o utilizem vasos ou recipientes que possam acumular \u00e1gua e tornar-se um ambiente adequado para a reprodu\u00e7\u00e3o do Aedes. Os cidad\u00e3os tamb\u00e9m devem prestar aten\u00e7\u00e3o ao descarte do lixo em local correto, j\u00e1 que copos descart\u00e1veis, vasilhas, embalagens de alimentos e outros itens tamb\u00e9m podem ser favor\u00e1veis ao mosquito.&nbsp;<\/p>\n\n\n\n<p><strong>Den\u00fancia \u2013\u00a0<\/strong>O \u00f3rg\u00e3o refor\u00e7a ainda os cuidados que devem ser tomados pela sociedade civil no combate \u00e0 prolifera\u00e7\u00e3o do mosquito, como a elimina\u00e7\u00e3o de \u00e1gua parada e limpeza de \u00e1reas abertas. Os focos de Aedes aegypti podem ser denunciados atrav\u00e9s do Fala Salvador, no n\u00famero 156 ou site Fala Salvador (www.falasalvador.ba.gov.br).\u00a0<\/p>\n\n\n\n<p>Fonte: TRBN <\/p>\n","protected":false},"excerpt":{"rendered":"<p>Com a proximidade do ver\u00e3o, em que h\u00e1 presen\u00e7a de temperaturas elevadas e ocorr\u00eancia de chuvas r\u00e1pidas, condi\u00e7\u00f5es prop\u00edcias \u00e0 infesta\u00e7\u00e3o do mosquito Aedes aegypti, a Secretaria Municipal da Sa\u00fade (SMS), atrav\u00e9s do Centro de Controle de Zoonoses (CCZ), j\u00e1 iniciou a intensifica\u00e7\u00e3o de a\u00e7\u00f5es de controle e combate \u00e0s arboviroses. A Opera\u00e7\u00e3o Ver\u00e3o sem [&hellip;]<\/p>\n","protected":false},"author":2,"featured_media":5138,"comment_status":"open","ping_status":"open","sticky":false,"template":"","format":"standard","meta":{"footnotes":""},"categories":[85],"tags":[],"class_list":["post-5137","post","type-post","status-publish","format-standard","has-post-thumbnail","hentry","category-noticias"],"_links":{"self":[{"href":"https:\/\/diabahia.com.br\/index.php\/wp-json\/wp\/v2\/posts\/5137","targetHints":{"allow":["GET"]}}],"collection":[{"href":"https:\/\/diabahia.com.br\/index.php\/wp-json\/wp\/v2\/posts"}],"about":[{"href":"https:\/\/diabahia.com.br\/index.php\/wp-json\/wp\/v2\/types\/post"}],"author":[{"embeddable":true,"href":"https:\/\/diabahia.com.br\/index.php\/wp-json\/wp\/v2\/users\/2"}],"replies":[{"embeddable":true,"href":"https:\/\/diabahia.com.br\/index.php\/wp-json\/wp\/v2\/comments?post=5137"}],"version-history":[{"count":0,"href":"https:\/\/diabahia.com.br\/index.php\/wp-json\/wp\/v2\/posts\/5137\/revisions"}],"wp:featuredmedia":[{"embeddable":true,"href":"https:\/\/diabahia.com.br\/index.php\/wp-json\/wp\/v2\/media\/5138"}],"wp:attachment":[{"href":"https:\/\/diabahia.com.br\/index.php\/wp-json\/wp\/v2\/media?parent=5137"}],"wp:term":[{"taxonomy":"category","embeddable":true,"href":"https:\/\/diabahia.com.br\/index.php\/wp-json\/wp\/v2\/categories?post=5137"},{"taxonomy":"post_tag","embeddable":true,"href":"https:\/\/diabahia.com.br\/index.php\/wp-json\/wp\/v2\/tags?post=5137"}],"curies":[{"name":"wp","href":"https:\/\/api.w.org\/{rel}","templated":true}]}}