{"id":5078,"date":"2023-10-30T14:34:17","date_gmt":"2023-10-30T17:34:17","guid":{"rendered":"https:\/\/diabahia.com.br\/?p=5078"},"modified":"2023-10-30T14:34:19","modified_gmt":"2023-10-30T17:34:19","slug":"operacao-prende-13-suspeitos-de-trafico-de-drogas-e-homicidios-na-bahia","status":"publish","type":"post","link":"https:\/\/diabahia.com.br\/index.php\/2023\/10\/30\/operacao-prende-13-suspeitos-de-trafico-de-drogas-e-homicidios-na-bahia\/","title":{"rendered":"Opera\u00e7\u00e3o prende 13 suspeitos de tr\u00e1fico de drogas e homic\u00eddios na Bahia"},"content":{"rendered":"\n<p>Ao menos 13 suspeitos foram presos nesta sexta-feira (27) por liga\u00e7\u00e3o com o tr\u00e1fico de drogas e homic\u00eddios na Bahia.<\/p>\n\n\n\n<p>Entre os detidos, est\u00e3o dois l\u00edderes do tr\u00e1fico, respons\u00e1veis por comandar a organiza\u00e7\u00e3o criminosa que se intitula como \u201cBonde do Maluco\u201d na Bahia, com ramifica\u00e7\u00f5es em Santana de Parna\u00edba (SP) e Rio de Janeiro (RJ).<\/p>\n\n\n\n<p>Segundo a Pol\u00edcia Civil, os detidos s\u00e3o suspeitos de ter participado de mais de 20 homic\u00eddios em munic\u00edpios baianos como Itabuna, Ilh\u00e9us, Teixeira de Freitas e Barro Preto.<\/p>\n\n\n\n<p>Um dos l\u00edderes foi identificado como Jo\u00e3o Ricardo Cardoso Mota, conhecido como \u201cRick\u201d ou \u201cR7\u201d, suspeito de comandar a fac\u00e7\u00e3o criminosa na Bahia, que foi localizado na Muzema, na zona oeste do Rio. A CNN tenta localizar a defesa de Mota.<\/p>\n\n\n\n<p>\u201cAl\u00e9m da lideran\u00e7a, o bra\u00e7o financeiro do grupo foi desarticulado. Os presos dos outros estados ser\u00e3o recambiados para a Bahia\u201d, afirmou o diretor do Denarc, delegado Jos\u00e9 Bezerra Alves.<\/p>\n\n\n\n<p>As pris\u00f5es foram realizadas na Bahia e tamb\u00e9m em Santa Catarina, Rio de Janeiro, S\u00e3o Paulo, e Pernambuco, segundo a Secretaria da Seguran\u00e7a P\u00fablica da Bahia (SSP-BA).<\/p>\n\n\n\n<p>Na opera\u00e7\u00e3o, tamb\u00e9m foram feitas apreens\u00f5es de drogas, documentos e anota\u00e7\u00f5es de movimenta\u00e7\u00f5es financeiras, com alguns mandados tendo sido cumpridos no pres\u00eddio feminino de Salvador.<\/p>\n\n\n\n<p>Fonte: CNN Brasil <\/p>\n","protected":false},"excerpt":{"rendered":"<p>Ao menos 13 suspeitos foram presos nesta sexta-feira (27) por liga\u00e7\u00e3o com o tr\u00e1fico de drogas e homic\u00eddios na Bahia. Entre os detidos, est\u00e3o dois l\u00edderes do tr\u00e1fico, respons\u00e1veis por comandar a organiza\u00e7\u00e3o criminosa que se intitula como \u201cBonde do Maluco\u201d na Bahia, com ramifica\u00e7\u00f5es em Santana de Parna\u00edba (SP) e Rio de Janeiro (RJ). [&hellip;]<\/p>\n","protected":false},"author":2,"featured_media":5079,"comment_status":"open","ping_status":"open","sticky":false,"template":"","format":"standard","meta":{"footnotes":""},"categories":[105],"tags":[],"class_list":["post-5078","post","type-post","status-publish","format-standard","has-post-thumbnail","hentry","category-policia"],"_links":{"self":[{"href":"https:\/\/diabahia.com.br\/index.php\/wp-json\/wp\/v2\/posts\/5078","targetHints":{"allow":["GET"]}}],"collection":[{"href":"https:\/\/diabahia.com.br\/index.php\/wp-json\/wp\/v2\/posts"}],"about":[{"href":"https:\/\/diabahia.com.br\/index.php\/wp-json\/wp\/v2\/types\/post"}],"author":[{"embeddable":true,"href":"https:\/\/diabahia.com.br\/index.php\/wp-json\/wp\/v2\/users\/2"}],"replies":[{"embeddable":true,"href":"https:\/\/diabahia.com.br\/index.php\/wp-json\/wp\/v2\/comments?post=5078"}],"version-history":[{"count":0,"href":"https:\/\/diabahia.com.br\/index.php\/wp-json\/wp\/v2\/posts\/5078\/revisions"}],"wp:featuredmedia":[{"embeddable":true,"href":"https:\/\/diabahia.com.br\/index.php\/wp-json\/wp\/v2\/media\/5079"}],"wp:attachment":[{"href":"https:\/\/diabahia.com.br\/index.php\/wp-json\/wp\/v2\/media?parent=5078"}],"wp:term":[{"taxonomy":"category","embeddable":true,"href":"https:\/\/diabahia.com.br\/index.php\/wp-json\/wp\/v2\/categories?post=5078"},{"taxonomy":"post_tag","embeddable":true,"href":"https:\/\/diabahia.com.br\/index.php\/wp-json\/wp\/v2\/tags?post=5078"}],"curies":[{"name":"wp","href":"https:\/\/api.w.org\/{rel}","templated":true}]}}