{"id":5004,"date":"2023-10-27T10:39:37","date_gmt":"2023-10-27T13:39:37","guid":{"rendered":"https:\/\/diabahia.com.br\/?p=5004"},"modified":"2023-10-27T10:39:39","modified_gmt":"2023-10-27T13:39:39","slug":"suspeitos-de-liderar-organizacao-criminosa-na-bahia-sao-presos-em-operacao","status":"publish","type":"post","link":"https:\/\/diabahia.com.br\/index.php\/2023\/10\/27\/suspeitos-de-liderar-organizacao-criminosa-na-bahia-sao-presos-em-operacao\/","title":{"rendered":"Suspeitos de liderar organiza\u00e7\u00e3o criminosa na Bahia s\u00e3o presos em opera\u00e7\u00e3o"},"content":{"rendered":"\n<p>Dois homens suspeitos de liderar uma organiza\u00e7\u00e3o criminosa com atual em munic\u00edpios no sul da Bahia e outros estados foram presos na manh\u00e3 desta sexta-feira (27), durante uma opera\u00e7\u00e3o nacional da policia.&nbsp;<\/p>\n\n\n\n<p>A opera\u00e7\u00e3o intitulada como &#8220;Ancorar&#8221;, foi &nbsp;realizada pelo Departamento Especializado de Investiga\u00e7\u00e3o e Repress\u00e3o ao Narcotr\u00e1fico (Denarc), Departamento de Intelig\u00eancia Policial (DIP) e o Departamento de Pol\u00edcia do Interior (Depin).&nbsp;<\/p>\n\n\n\n<p>Os homens foram presos em &nbsp;S\u00e3o Paulo e no Rio de Janeiro pelos policiais do Denarc.&nbsp;<\/p>\n\n\n\n<p>\u201cO chefe do grupo foi alcan\u00e7ado no Rio de Janeiro e o &#8217;02&#8217; foi preso na cidade de Santana da Parna\u00edba, em S\u00e3o Paulo\u201d, disse o diretor do Denarc, delegado Jos\u00e9 Alves Bezerra.<\/p>\n\n\n\n<p>A opera\u00e7\u00e3o seguir\u00e1 para localizar mais envolvidos, sendo liderada pela policia Civil dos estados da Bahia, Pernambuco, S\u00e3o Paulo, Rio de Janeiro, Santa Catarina e Maranh\u00e3o em combate ao tr\u00e1fico de drogas e homic\u00eddios.<\/p>\n\n\n\n<p>Os criminosos presos foram encaminhados para unidades da policia Civil em S\u00e3o Paulo e Rio de Janeiro, em seguida seguiram para a Bahia.<\/p>\n\n\n\n<p>Fonte: Varela Net <\/p>\n","protected":false},"excerpt":{"rendered":"<p>Dois homens suspeitos de liderar uma organiza\u00e7\u00e3o criminosa com atual em munic\u00edpios no sul da Bahia e outros estados foram presos na manh\u00e3 desta sexta-feira (27), durante uma opera\u00e7\u00e3o nacional da policia.&nbsp; A opera\u00e7\u00e3o intitulada como &#8220;Ancorar&#8221;, foi &nbsp;realizada pelo Departamento Especializado de Investiga\u00e7\u00e3o e Repress\u00e3o ao Narcotr\u00e1fico (Denarc), Departamento de Intelig\u00eancia Policial (DIP) e [&hellip;]<\/p>\n","protected":false},"author":2,"featured_media":5005,"comment_status":"open","ping_status":"open","sticky":false,"template":"","format":"standard","meta":{"footnotes":""},"categories":[105],"tags":[],"class_list":["post-5004","post","type-post","status-publish","format-standard","has-post-thumbnail","hentry","category-policia"],"_links":{"self":[{"href":"https:\/\/diabahia.com.br\/index.php\/wp-json\/wp\/v2\/posts\/5004","targetHints":{"allow":["GET"]}}],"collection":[{"href":"https:\/\/diabahia.com.br\/index.php\/wp-json\/wp\/v2\/posts"}],"about":[{"href":"https:\/\/diabahia.com.br\/index.php\/wp-json\/wp\/v2\/types\/post"}],"author":[{"embeddable":true,"href":"https:\/\/diabahia.com.br\/index.php\/wp-json\/wp\/v2\/users\/2"}],"replies":[{"embeddable":true,"href":"https:\/\/diabahia.com.br\/index.php\/wp-json\/wp\/v2\/comments?post=5004"}],"version-history":[{"count":0,"href":"https:\/\/diabahia.com.br\/index.php\/wp-json\/wp\/v2\/posts\/5004\/revisions"}],"wp:featuredmedia":[{"embeddable":true,"href":"https:\/\/diabahia.com.br\/index.php\/wp-json\/wp\/v2\/media\/5005"}],"wp:attachment":[{"href":"https:\/\/diabahia.com.br\/index.php\/wp-json\/wp\/v2\/media?parent=5004"}],"wp:term":[{"taxonomy":"category","embeddable":true,"href":"https:\/\/diabahia.com.br\/index.php\/wp-json\/wp\/v2\/categories?post=5004"},{"taxonomy":"post_tag","embeddable":true,"href":"https:\/\/diabahia.com.br\/index.php\/wp-json\/wp\/v2\/tags?post=5004"}],"curies":[{"name":"wp","href":"https:\/\/api.w.org\/{rel}","templated":true}]}}