{"id":4888,"date":"2023-10-24T13:34:45","date_gmt":"2023-10-24T16:34:45","guid":{"rendered":"https:\/\/diabahia.com.br\/?p=4888"},"modified":"2023-10-24T13:34:47","modified_gmt":"2023-10-24T16:34:47","slug":"salvador-ganha-espaco-para-estimular-negocios-de-impacto-social-e-ambiental","status":"publish","type":"post","link":"https:\/\/diabahia.com.br\/index.php\/2023\/10\/24\/salvador-ganha-espaco-para-estimular-negocios-de-impacto-social-e-ambiental\/","title":{"rendered":"Salvador ganha espa\u00e7o para estimular neg\u00f3cios de impacto social e ambiental"},"content":{"rendered":"\n<p>Salvador ganhou nesta ter\u00e7a-feira (24) uma nova estrutura para fortalecer o ambiente de empreendedorismo inovador e sustent\u00e1vel na capital baiana. A Prefeitura e o Sebrae Bahia entregaram o SebraeEcos, espa\u00e7o localizado ao lado do Centro Municipal de Inova\u00e7\u00e3o Colabore, no Parque da Cidade, que vai estimular o desenvolvimento de neg\u00f3cios de alto impacto social e ambiental, tendo como p\u00fablico-alvo micro e pequenas empresas. O prefeito Bruno Reis participou da inaugura\u00e7\u00e3o ao lado de Jorge Khoury, superintendente do Sebrae Bahia, e de gestores municipais.&nbsp;<\/p>\n\n\n\n<p>Por meio do SebraeEcos, os donos de micro e pequenos neg\u00f3cios ter\u00e3o acesso a solu\u00e7\u00f5es relacionadas a sustentabilidade por meio de consultorias, cursos, oficinas e workshops com conte\u00fados sobre os temas: Diagn\u00f3stico ESG; Eco Compliance para Micro e Pequenas Empresas; Licenciamento Ambiental; Melhoria da Efici\u00eancia Energ\u00e9tica; Redu\u00e7\u00e3o de Desperd\u00edcio nos Pequenos Neg\u00f3cios; Responsabilidade Social in Company; Diagn\u00f3stico de Efici\u00eancia Energ\u00e9tica; Sustentabilidade Aplicada aos Pequenos Neg\u00f3cios, entre outros.&nbsp;<\/p>\n\n\n\n<p><strong>\u201cAqui, os pequenos empreendedores v\u00e3o aprender sobre a reutiliza\u00e7\u00e3o de \u00e1gua, sobre energias renov\u00e1veis para que tamb\u00e9m possam utilizar energia solar, v\u00e3o entender sobre os princ\u00edpios da economia circular, entre outros temas. Com isso, podemos reduzir o custo de opera\u00e7\u00e3o deles e fazer com que os seus neg\u00f3cios sejam mais vantajosos e, assim, a gente promove o incremento de renda dos MEI\u2019s e empreendedores de nossa cidade\u201d, disse Bruno Reis.&nbsp;<\/strong><\/p>\n\n\n\n<p>O prefeito lembrou que as pequenas e m\u00e9dias empresas s\u00e3o as principais empregadoras de Salvador. \u201cEnt\u00e3o, essa \u00e9 mais uma parceria da Prefeitura com o Sebrae para ajud\u00e1-los. J\u00e1 temos outras, como o Espa\u00e7o Colabore e o Polo de Economia Criativa. A gente sabe que o Sebrae tem essa capacidade de estimular, de orientar, de ajudar os pequenos e m\u00e9dios empreendedores, uma atividade que conta muito com esse apoio e com esse suporte do Sebrae\u201d, completou o gestor municipal.&nbsp;<\/p>\n\n\n\n<p><strong>Conceito<\/strong>&nbsp;\u2013 O SebraeEcos foi constru\u00eddo com materiais sustent\u00e1veis, utilizando bioconstru\u00e7\u00e3o e o reaproveitamento de cont\u00eaineres. S\u00e3o dois m\u00f3dulos, com pergolado met\u00e1lico com plantas, pavimento perme\u00e1vel, paredes com revestimento de bambu, caminho com pedras naturais, jardim com \u00e1rea de preserva\u00e7\u00e3o e bancos coloridos em refer\u00eancia aos casar\u00f5es do Pelourinho. As instala\u00e7\u00f5es fazem uso de energia renov\u00e1vel atrav\u00e9s de pain\u00e9is fotovoltaicos, al\u00e9m de teto verde, unidade de demonstra\u00e7\u00e3o de reuso de \u00e1gua, totens interativos, mesas e quadros informativos.&nbsp;<\/p>\n\n\n\n<p>O SebraeEcos funcionar\u00e1 de segunda a sexta-feira, das 9h \u00e0s 17h, aberto para atendimento ao p\u00fablico e tamb\u00e9m com programa\u00e7\u00e3o de palestras, oficinas e capacita\u00e7\u00f5es, com diversas a\u00e7\u00f5es subsidiadas e gratuitas. O equipamento \u00e9 um complemento ao trabalho de inova\u00e7\u00e3o do SebraeLab no Colabore e tem como refer\u00eancia o Centro Sebrae de Sustentabilidade em Mato Grosso, com a ideia de fomentar que o pequeno neg\u00f3cio contribua para um futuro mais sustent\u00e1vel e equilibrado.&nbsp;<\/p>\n\n\n\n<p>\u201cO micro e pequeno empres\u00e1rio muitas vezes pensa que a sustentabilidade n\u00e3o \u00e9 para ele, pensa que \u00e9 para o grande. Ent\u00e3o, o papel do Sebrae \u00e9 justamente mostrar que ele tamb\u00e9m pode. Mostrar tudo o que ele pode fazer pela quest\u00e3o ambiental, mas tamb\u00e9m por ele mesmo. Quando o empreendedor est\u00e1 fazendo um trabalho para a sustentabilidade, ele pode tamb\u00e9m abrir uma oportunidade para ele. Entender que, por exemplo, os rejeitos da atividade dele n\u00e3o s\u00e3o lixo, podem ser reaproveitados, podem ser consorciados e tamb\u00e9m virar uma atividade de renda\u201d, explicou Jorge Khoury.&nbsp;<\/p>\n\n\n\n<p><strong>Compromisso<\/strong>&nbsp;\u2013 A Secretaria Municipal de Sustentabilidade, Resili\u00eancia e Bem-Estar e Prote\u00e7\u00e3o Animal (Secis) foi respons\u00e1vel pela parceria com o Sebrae. O diretor de resili\u00eancia da pasta, Uelber Reis, falou que a Secis vai desenvolver tr\u00eas projetos junto ao SebraeEcos: um voltado para agroecologia, outro para a capta\u00e7\u00e3o de 50 empresas que desenvolvam projetos sustent\u00e1veis para Salvador e um terceiro de assessoramento para fornecedores de blocos, trios e camarotes do Carnaval.&nbsp;<\/p>\n\n\n\n<p>\u201cNeste terceiro projeto, vamos fazer a assessoria de fornecedores que atendem blocos, trios e camarotes do Carnaval para que eles entendam como podem ser mais resilientes, mais sustent\u00e1veis, como podem contribuir melhor com a cidade para frear as mudan\u00e7as clim\u00e1ticas, como podem incorporar em suas contrata\u00e7\u00f5es pessoas respeitando equidade de g\u00eanero, de ra\u00e7as, enfim, uma s\u00e9rie de trabalhos que podemos fazer pelo Carnaval de Salvador para torn\u00e1-lo mais sustent\u00e1vel\u201d, citou Uelber Reis.\u00a0<\/p>\n\n\n\n<p>Fonte: TRBB <\/p>\n","protected":false},"excerpt":{"rendered":"<p>Salvador ganhou nesta ter\u00e7a-feira (24) uma nova estrutura para fortalecer o ambiente de empreendedorismo inovador e sustent\u00e1vel na capital baiana. A Prefeitura e o Sebrae Bahia entregaram o SebraeEcos, espa\u00e7o localizado ao lado do Centro Municipal de Inova\u00e7\u00e3o Colabore, no Parque da Cidade, que vai estimular o desenvolvimento de neg\u00f3cios de alto impacto social e [&hellip;]<\/p>\n","protected":false},"author":2,"featured_media":4889,"comment_status":"open","ping_status":"open","sticky":false,"template":"","format":"standard","meta":{"footnotes":""},"categories":[89],"tags":[],"class_list":["post-4888","post","type-post","status-publish","format-standard","has-post-thumbnail","hentry","category-esportes"],"_links":{"self":[{"href":"https:\/\/diabahia.com.br\/index.php\/wp-json\/wp\/v2\/posts\/4888","targetHints":{"allow":["GET"]}}],"collection":[{"href":"https:\/\/diabahia.com.br\/index.php\/wp-json\/wp\/v2\/posts"}],"about":[{"href":"https:\/\/diabahia.com.br\/index.php\/wp-json\/wp\/v2\/types\/post"}],"author":[{"embeddable":true,"href":"https:\/\/diabahia.com.br\/index.php\/wp-json\/wp\/v2\/users\/2"}],"replies":[{"embeddable":true,"href":"https:\/\/diabahia.com.br\/index.php\/wp-json\/wp\/v2\/comments?post=4888"}],"version-history":[{"count":0,"href":"https:\/\/diabahia.com.br\/index.php\/wp-json\/wp\/v2\/posts\/4888\/revisions"}],"wp:featuredmedia":[{"embeddable":true,"href":"https:\/\/diabahia.com.br\/index.php\/wp-json\/wp\/v2\/media\/4889"}],"wp:attachment":[{"href":"https:\/\/diabahia.com.br\/index.php\/wp-json\/wp\/v2\/media?parent=4888"}],"wp:term":[{"taxonomy":"category","embeddable":true,"href":"https:\/\/diabahia.com.br\/index.php\/wp-json\/wp\/v2\/categories?post=4888"},{"taxonomy":"post_tag","embeddable":true,"href":"https:\/\/diabahia.com.br\/index.php\/wp-json\/wp\/v2\/tags?post=4888"}],"curies":[{"name":"wp","href":"https:\/\/api.w.org\/{rel}","templated":true}]}}