{"id":4485,"date":"2023-10-06T11:29:08","date_gmt":"2023-10-06T14:29:08","guid":{"rendered":"https:\/\/diabahia.com.br\/?p=4485"},"modified":"2023-10-06T11:29:11","modified_gmt":"2023-10-06T14:29:11","slug":"filho-de-datena-comenta-estado-de-saude-do-pai-apos-cirurgias-no-coracao","status":"publish","type":"post","link":"https:\/\/diabahia.com.br\/index.php\/2023\/10\/06\/filho-de-datena-comenta-estado-de-saude-do-pai-apos-cirurgias-no-coracao\/","title":{"rendered":"Filho de Datena comenta estado de sa\u00fade do pai ap\u00f3s cirurgias no cora\u00e7\u00e3o"},"content":{"rendered":"\n<p>Jos\u00e9 Luiz Datena, que informou seu afastamento do Brasil Urgente&nbsp;no \u00faltimo dia 30, para cuidar da sa\u00fade, passou por duas cirurgias card\u00edacas nesta quinta-feira (5), no Hospital S\u00edrio-Liban\u00eas, em S\u00e3o Paulo.<\/p>\n\n\n\n<p>Em entrevista \u00e0 coluna de F\u00e1bia Oliveira para o\u00a0Metr\u00f3poles, o filho do apresentador, Joel Datena, que est\u00e1 substituindo o pai no telejornal da Band, comentou a situa\u00e7\u00e3o do apresentador.<\/p>\n\n\n\n<p>\u201cCorreu tudo bem, gra\u00e7as a Deus. Uma cirurgia tranquila, dentro do normal. J\u00e1 est\u00e1 em plena recupera\u00e7\u00e3o. Deve ser uma recupera\u00e7\u00e3o r\u00e1pida, com toda certeza, porque ele \u00e9 forte. Fora que correu tudo muito bem, [cirurgia] feita por grandes profissionais. Agora \u00e9 s\u00f3 esperar [a recupera\u00e7\u00e3o]\u201d, disse.<\/p>\n\n\n\n<p>Joel ainda ressaltou que em breve Datena retorna \u00e0s telinhas: \u201cTalvez no final da semana que vem, no mais tardar na outra [semana], ele j\u00e1 esteja de volta, t\u00e1? Est\u00e1 tudo legal gra\u00e7as a Deus!\u201d.<\/p>\n\n\n\n<p>Na \u00e9poca do an\u00fancio do procedimento, Datena explicou sobre o problema e o motivo de passar pelo hospital. \u201cS\u00e3o duas cirurgias meio que complexas, porque eu j\u00e1 tenho seis stents no cora\u00e7\u00e3o. Espero que voc\u00eas orem por mim e que, em uns cinco, seis dias, eu possa voltar a estar com voc\u00eas\u201d.<\/p>\n\n\n\n<p>Fonte: Bahia Not\u00edcias <\/p>\n","protected":false},"excerpt":{"rendered":"<p>Jos\u00e9 Luiz Datena, que informou seu afastamento do Brasil Urgente&nbsp;no \u00faltimo dia 30, para cuidar da sa\u00fade, passou por duas cirurgias card\u00edacas nesta quinta-feira (5), no Hospital S\u00edrio-Liban\u00eas, em S\u00e3o Paulo. Em entrevista \u00e0 coluna de F\u00e1bia Oliveira para o\u00a0Metr\u00f3poles, o filho do apresentador, Joel Datena, que est\u00e1 substituindo o pai no telejornal da Band, [&hellip;]<\/p>\n","protected":false},"author":2,"featured_media":4486,"comment_status":"open","ping_status":"open","sticky":false,"template":"","format":"standard","meta":{"footnotes":""},"categories":[85],"tags":[],"class_list":["post-4485","post","type-post","status-publish","format-standard","has-post-thumbnail","hentry","category-noticias"],"_links":{"self":[{"href":"https:\/\/diabahia.com.br\/index.php\/wp-json\/wp\/v2\/posts\/4485","targetHints":{"allow":["GET"]}}],"collection":[{"href":"https:\/\/diabahia.com.br\/index.php\/wp-json\/wp\/v2\/posts"}],"about":[{"href":"https:\/\/diabahia.com.br\/index.php\/wp-json\/wp\/v2\/types\/post"}],"author":[{"embeddable":true,"href":"https:\/\/diabahia.com.br\/index.php\/wp-json\/wp\/v2\/users\/2"}],"replies":[{"embeddable":true,"href":"https:\/\/diabahia.com.br\/index.php\/wp-json\/wp\/v2\/comments?post=4485"}],"version-history":[{"count":0,"href":"https:\/\/diabahia.com.br\/index.php\/wp-json\/wp\/v2\/posts\/4485\/revisions"}],"wp:featuredmedia":[{"embeddable":true,"href":"https:\/\/diabahia.com.br\/index.php\/wp-json\/wp\/v2\/media\/4486"}],"wp:attachment":[{"href":"https:\/\/diabahia.com.br\/index.php\/wp-json\/wp\/v2\/media?parent=4485"}],"wp:term":[{"taxonomy":"category","embeddable":true,"href":"https:\/\/diabahia.com.br\/index.php\/wp-json\/wp\/v2\/categories?post=4485"},{"taxonomy":"post_tag","embeddable":true,"href":"https:\/\/diabahia.com.br\/index.php\/wp-json\/wp\/v2\/tags?post=4485"}],"curies":[{"name":"wp","href":"https:\/\/api.w.org\/{rel}","templated":true}]}}