{"id":4473,"date":"2023-10-06T10:35:04","date_gmt":"2023-10-06T13:35:04","guid":{"rendered":"https:\/\/diabahia.com.br\/?p=4473"},"modified":"2023-10-06T10:35:07","modified_gmt":"2023-10-06T13:35:07","slug":"funcionario-de-creche-e-afastado-apos-suspeita-de-estupro-de-crianca-em-creche-da-bahia","status":"publish","type":"post","link":"https:\/\/diabahia.com.br\/index.php\/2023\/10\/06\/funcionario-de-creche-e-afastado-apos-suspeita-de-estupro-de-crianca-em-creche-da-bahia\/","title":{"rendered":"Funcion\u00e1rio de creche \u00e9 afastado ap\u00f3s suspeita de estupro de crian\u00e7a em creche da Bahia"},"content":{"rendered":"\n<p>Um funcion\u00e1rio de uma creche em\u00a0Feira de Santana\u00a0foi afastado ap\u00f3s ser suspeito de um estupro. Segundo o\u00a0Acorda Cidade, a v\u00edtima seria uma crian\u00e7a, de cinco anos. O caso passou a ser investigado pela Delegacia de Repress\u00e3o aos Crimes contra a Crian\u00e7a e o Adolescente (Derca). A creche fica no residencial Alto do Ros\u00e1rio.\u00a0Em meio ao caso, moradores protestaram na frente do local, pedindo puni\u00e7\u00e3o para o acusado.<\/p>\n\n\n\n<p>Ao site, a m\u00e3e da aluna, que preferiu n\u00e3o se identificar, disse que percebeu a situa\u00e7\u00e3o quando tentava higienizar as partes \u00edntimas da crian\u00e7a e ela reclamou de dor. A partir do relato, ela registrou um boletim de ocorr\u00eancia, feito na \u00faltima segunda-feira (2), e procurou um profissional de sa\u00fade, que, segundo ela, confirmou a suspeita de estupro. <\/p>\n\n\n\n<p>Por meio de nota, a secretaria municipal de educa\u00e7\u00e3o (Seduc) informou que acionou as autoridades competentes assim que tomou conhecimento do caso. Caso se comprove a autoria do fato, o funcion\u00e1rio deve ser demitido da pasta. A Derca segue na apura\u00e7\u00e3o do caso.\u00a0<\/p>\n\n\n\n<p>Fonte: Bahia Not\u00edcias <\/p>\n","protected":false},"excerpt":{"rendered":"<p>Um funcion\u00e1rio de uma creche em\u00a0Feira de Santana\u00a0foi afastado ap\u00f3s ser suspeito de um estupro. Segundo o\u00a0Acorda Cidade, a v\u00edtima seria uma crian\u00e7a, de cinco anos. O caso passou a ser investigado pela Delegacia de Repress\u00e3o aos Crimes contra a Crian\u00e7a e o Adolescente (Derca). A creche fica no residencial Alto do Ros\u00e1rio.\u00a0Em meio ao [&hellip;]<\/p>\n","protected":false},"author":2,"featured_media":4474,"comment_status":"open","ping_status":"open","sticky":false,"template":"","format":"standard","meta":{"footnotes":""},"categories":[105],"tags":[],"class_list":["post-4473","post","type-post","status-publish","format-standard","has-post-thumbnail","hentry","category-policia"],"_links":{"self":[{"href":"https:\/\/diabahia.com.br\/index.php\/wp-json\/wp\/v2\/posts\/4473","targetHints":{"allow":["GET"]}}],"collection":[{"href":"https:\/\/diabahia.com.br\/index.php\/wp-json\/wp\/v2\/posts"}],"about":[{"href":"https:\/\/diabahia.com.br\/index.php\/wp-json\/wp\/v2\/types\/post"}],"author":[{"embeddable":true,"href":"https:\/\/diabahia.com.br\/index.php\/wp-json\/wp\/v2\/users\/2"}],"replies":[{"embeddable":true,"href":"https:\/\/diabahia.com.br\/index.php\/wp-json\/wp\/v2\/comments?post=4473"}],"version-history":[{"count":0,"href":"https:\/\/diabahia.com.br\/index.php\/wp-json\/wp\/v2\/posts\/4473\/revisions"}],"wp:featuredmedia":[{"embeddable":true,"href":"https:\/\/diabahia.com.br\/index.php\/wp-json\/wp\/v2\/media\/4474"}],"wp:attachment":[{"href":"https:\/\/diabahia.com.br\/index.php\/wp-json\/wp\/v2\/media?parent=4473"}],"wp:term":[{"taxonomy":"category","embeddable":true,"href":"https:\/\/diabahia.com.br\/index.php\/wp-json\/wp\/v2\/categories?post=4473"},{"taxonomy":"post_tag","embeddable":true,"href":"https:\/\/diabahia.com.br\/index.php\/wp-json\/wp\/v2\/tags?post=4473"}],"curies":[{"name":"wp","href":"https:\/\/api.w.org\/{rel}","templated":true}]}}